{"id":3724,"date":"2023-06-12T06:55:16","date_gmt":"2023-06-12T05:55:16","guid":{"rendered":"https:\/\/downlleida.com\/?p=8357"},"modified":"2023-06-12T06:55:16","modified_gmt":"2023-06-12T05:55:16","slug":"el-mejor-alcalde-el-rey","status":"publish","type":"post","link":"https:\/\/downlleida.com\/es\/el-mejor-alcalde-el-rey\/","title":{"rendered":"\u00abEl mejor alcalde, el Rey\u00bb"},"content":{"rendered":"\n<p>El grupo de expresi\u00f3n y creatividad de DOWN LLEIDA ha dedicado el tercer trimestre del curso 2022-2023 a descubrir, leer y representar la adaptaci\u00f3n en Lectura F\u00e1cil del cl\u00e1sico teatral de Lope de Vega: \u00abEl Mejor alcalde, el Rey\u00bb. A partir de lectura de la gu\u00eda, se han repartido los papeles a representar y cada persona ha tenido oportunidad de ponerse en escena junto al resto del grupo, trabajando habilidades como la comprensi\u00f3n lectura, pero tambi\u00e9n conociendo elementos culturales que acompa\u00f1an a esta obra cl\u00e1sica. <\/p>\n\n\n\n<p>El objetivo de esta publicaci\u00f3n, facilitada por DOWN ESPA\u00d1A, es acercar el teatro a las personas con s\u00edndrome de Down y fomentar su lectura y forma parte de un gran proyecto para&nbsp;<strong>fomentar el teatro entre las personas con discapacidad intelectual<\/strong>, que cuenta con la colaboraci\u00f3n del&nbsp;<a href=\"https:\/\/www.culturaydeporte.gob.es\/portada.html\"><strong>Ministerio de Cultura y Deporte<\/strong><\/a>.<\/p>\n\n\n\n<figure class=\"wp-block-image size-large is-resized\"><a href=\"https:\/\/downlleida.com\/wp-content\/uploads\/2023\/07\/WhatsApp-Image-2023-07-11-at-09.37.25-2.jpeg\"><img decoding=\"async\" src=\"data:image\/svg+xml,%3Csvg%20xmlns%3D%27http%3A%2F%2Fwww.w3.org%2F2000%2Fsvg%27%20width%3D%27512%27%20height%3D%27242%27%20viewBox%3D%270%200%20512%20242%27%3E%3Crect%20width%3D%27512%27%20height%3D%27242%27%20fill-opacity%3D%220%22%2F%3E%3C%2Fsvg%3E\" data-orig-src=\"https:\/\/downlleida.com\/wp-content\/uploads\/2023\/07\/WhatsApp-Image-2023-07-11-at-09.37.25-2-1024x484.jpeg\" alt=\"\" class=\"lazyload wp-image-8358\" width=\"512\" height=\"242\"\/><\/a><\/figure>\n\n\n\n<p>\u201c<a href=\"https:\/\/www.sindromedown.net\/wp-content\/uploads\/2023\/04\/alcalde.pdf\"><strong>El mejor alcalde, el Rey. Gu\u00eda teatral<\/strong><\/a>\u201d, disponible haciendo&nbsp;<a href=\"https:\/\/www.sindromedown.net\/wp-content\/uploads\/2023\/04\/alcalde.pdf\">click aqui.<\/a><\/p>\n","protected":false},"excerpt":{"rendered":"<p>El grupo de expresi\u00f3n y creatividad de DOWN LLEIDA ha [&hellip;]<\/p>\n","protected":false},"author":1,"featured_media":3352,"comment_status":"open","ping_status":"open","sticky":false,"template":"","format":"standard","meta":{"footnotes":""},"categories":[18],"tags":[],"class_list":["post-3724","post","type-post","status-publish","format-standard","has-post-thumbnail","hentry","category-sin-categorizar"],"yoast_head":"<!-- This site is optimized with the Yoast SEO plugin v20.0 - https:\/\/yoast.com\/wordpress\/plugins\/seo\/ -->\n<title>&quot;El mejor alcalde, el Rey&quot; - Down Lleida<\/title>\n<meta name=\"robots\" content=\"index, follow, max-snippet:-1, max-image-preview:large, max-video-preview:-1\" \/>\n<link rel=\"canonical\" href=\"https:\/\/downlleida.com\/es\/el-mejor-alcalde-el-rey\/\" \/>\n<meta property=\"og:locale\" content=\"es_ES\" \/>\n<meta property=\"og:type\" content=\"article\" \/>\n<meta property=\"og:title\" content=\"&quot;El mejor alcalde, el Rey&quot; - Down Lleida\" \/>\n<meta property=\"og:description\" content=\"El grupo de expresi\u00f3n y creatividad de DOWN LLEIDA ha [&hellip;]\" \/>\n<meta property=\"og:url\" content=\"https:\/\/downlleida.com\/es\/el-mejor-alcalde-el-rey\/\" \/>\n<meta property=\"og:site_name\" content=\"Down Lleida\" \/>\n<meta property=\"article:published_time\" content=\"2023-06-12T05:55:16+00:00\" \/>\n<meta property=\"og:image\" content=\"https:\/\/downlleida.com\/wp-content\/uploads\/2023\/07\/WhatsApp-Image-2023-07-11-at-09.37.25-2.jpeg\" \/>\n\t<meta property=\"og:image:width\" content=\"1600\" \/>\n\t<meta property=\"og:image:height\" content=\"757\" \/>\n\t<meta property=\"og:image:type\" content=\"image\/jpeg\" \/>\n<meta name=\"author\" content=\"admin\" \/>\n<meta name=\"twitter:card\" content=\"summary_large_image\" \/>\n<meta name=\"twitter:label1\" content=\"Escrito por\" \/>\n\t<meta name=\"twitter:data1\" content=\"admin\" \/>\n\t<meta name=\"twitter:label2\" content=\"Tiempo de lectura\" \/>\n\t<meta name=\"twitter:data2\" content=\"1 minuto\" \/>\n<script type=\"application\/ld+json\" class=\"yoast-schema-graph\">{\"@context\":\"https:\/\/schema.org\",\"@graph\":[{\"@type\":\"WebPage\",\"@id\":\"https:\/\/downlleida.com\/es\/el-mejor-alcalde-el-rey\/\",\"url\":\"https:\/\/downlleida.com\/es\/el-mejor-alcalde-el-rey\/\",\"name\":\"\\\"El mejor alcalde, el Rey\\\" - Down Lleida\",\"isPartOf\":{\"@id\":\"https:\/\/downlleida.com\/#website\"},\"datePublished\":\"2023-06-12T05:55:16+00:00\",\"dateModified\":\"2023-06-12T05:55:16+00:00\",\"author\":{\"@id\":\"https:\/\/downlleida.com\/#\/schema\/person\/56bbfe35feca4cae2d5a6366c0e76f42\"},\"breadcrumb\":{\"@id\":\"https:\/\/downlleida.com\/es\/el-mejor-alcalde-el-rey\/#breadcrumb\"},\"inLanguage\":\"es\",\"potentialAction\":[{\"@type\":\"ReadAction\",\"target\":[\"https:\/\/downlleida.com\/es\/el-mejor-alcalde-el-rey\/\"]}]},{\"@type\":\"BreadcrumbList\",\"@id\":\"https:\/\/downlleida.com\/es\/el-mejor-alcalde-el-rey\/#breadcrumb\",\"itemListElement\":[{\"@type\":\"ListItem\",\"position\":1,\"name\":\"Portada\",\"item\":\"https:\/\/downlleida.com\/es\/inicio\/\"},{\"@type\":\"ListItem\",\"position\":2,\"name\":\"&#8220;El mejor alcalde, el Rey&#8221;\"}]},{\"@type\":\"WebSite\",\"@id\":\"https:\/\/downlleida.com\/#website\",\"url\":\"https:\/\/downlleida.com\/\",\"name\":\"Down Lleida\",\"description\":\"Associaci\u00f3 Lleidatana per a la S\u00edndrome de Down\",\"potentialAction\":[{\"@type\":\"SearchAction\",\"target\":{\"@type\":\"EntryPoint\",\"urlTemplate\":\"https:\/\/downlleida.com\/?s={search_term_string}\"},\"query-input\":\"required name=search_term_string\"}],\"inLanguage\":\"es\"},{\"@type\":\"Person\",\"@id\":\"https:\/\/downlleida.com\/#\/schema\/person\/56bbfe35feca4cae2d5a6366c0e76f42\",\"name\":\"admin\",\"image\":{\"@type\":\"ImageObject\",\"inLanguage\":\"es\",\"@id\":\"https:\/\/downlleida.com\/#\/schema\/person\/image\/\",\"url\":\"https:\/\/secure.gravatar.com\/avatar\/3d8771e958295f415804336505f0c6faebfe16c066754f8f90e0b5a1023ffc77?s=96&d=mm&r=g\",\"contentUrl\":\"https:\/\/secure.gravatar.com\/avatar\/3d8771e958295f415804336505f0c6faebfe16c066754f8f90e0b5a1023ffc77?s=96&d=mm&r=g\",\"caption\":\"admin\"},\"sameAs\":[\"https:\/\/downlleida.com\"],\"url\":\"https:\/\/downlleida.com\/es\/author\/down_5gorj32b\/\"}]}<\/script>\n<!-- \/ Yoast SEO plugin. -->","yoast_head_json":{"title":"\"El mejor alcalde, el Rey\" - Down Lleida","robots":{"index":"index","follow":"follow","max-snippet":"max-snippet:-1","max-image-preview":"max-image-preview:large","max-video-preview":"max-video-preview:-1"},"canonical":"https:\/\/downlleida.com\/es\/el-mejor-alcalde-el-rey\/","og_locale":"es_ES","og_type":"article","og_title":"\"El mejor alcalde, el Rey\" - Down Lleida","og_description":"El grupo de expresi\u00f3n y creatividad de DOWN LLEIDA ha [&hellip;]","og_url":"https:\/\/downlleida.com\/es\/el-mejor-alcalde-el-rey\/","og_site_name":"Down Lleida","article_published_time":"2023-06-12T05:55:16+00:00","og_image":[{"width":1600,"height":757,"url":"https:\/\/downlleida.com\/wp-content\/uploads\/2023\/07\/WhatsApp-Image-2023-07-11-at-09.37.25-2.jpeg","type":"image\/jpeg"}],"author":"admin","twitter_card":"summary_large_image","twitter_misc":{"Escrito por":"admin","Tiempo de lectura":"1 minuto"},"schema":{"@context":"https:\/\/schema.org","@graph":[{"@type":"WebPage","@id":"https:\/\/downlleida.com\/es\/el-mejor-alcalde-el-rey\/","url":"https:\/\/downlleida.com\/es\/el-mejor-alcalde-el-rey\/","name":"\"El mejor alcalde, el Rey\" - Down Lleida","isPartOf":{"@id":"https:\/\/downlleida.com\/#website"},"datePublished":"2023-06-12T05:55:16+00:00","dateModified":"2023-06-12T05:55:16+00:00","author":{"@id":"https:\/\/downlleida.com\/#\/schema\/person\/56bbfe35feca4cae2d5a6366c0e76f42"},"breadcrumb":{"@id":"https:\/\/downlleida.com\/es\/el-mejor-alcalde-el-rey\/#breadcrumb"},"inLanguage":"es","potentialAction":[{"@type":"ReadAction","target":["https:\/\/downlleida.com\/es\/el-mejor-alcalde-el-rey\/"]}]},{"@type":"BreadcrumbList","@id":"https:\/\/downlleida.com\/es\/el-mejor-alcalde-el-rey\/#breadcrumb","itemListElement":[{"@type":"ListItem","position":1,"name":"Portada","item":"https:\/\/downlleida.com\/es\/inicio\/"},{"@type":"ListItem","position":2,"name":"&#8220;El mejor alcalde, el Rey&#8221;"}]},{"@type":"WebSite","@id":"https:\/\/downlleida.com\/#website","url":"https:\/\/downlleida.com\/","name":"Down Lleida","description":"Associaci\u00f3 Lleidatana per a la S\u00edndrome de Down","potentialAction":[{"@type":"SearchAction","target":{"@type":"EntryPoint","urlTemplate":"https:\/\/downlleida.com\/?s={search_term_string}"},"query-input":"required name=search_term_string"}],"inLanguage":"es"},{"@type":"Person","@id":"https:\/\/downlleida.com\/#\/schema\/person\/56bbfe35feca4cae2d5a6366c0e76f42","name":"admin","image":{"@type":"ImageObject","inLanguage":"es","@id":"https:\/\/downlleida.com\/#\/schema\/person\/image\/","url":"https:\/\/secure.gravatar.com\/avatar\/3d8771e958295f415804336505f0c6faebfe16c066754f8f90e0b5a1023ffc77?s=96&d=mm&r=g","contentUrl":"https:\/\/secure.gravatar.com\/avatar\/3d8771e958295f415804336505f0c6faebfe16c066754f8f90e0b5a1023ffc77?s=96&d=mm&r=g","caption":"admin"},"sameAs":["https:\/\/downlleida.com"],"url":"https:\/\/downlleida.com\/es\/author\/down_5gorj32b\/"}]}},"_links":{"self":[{"href":"https:\/\/downlleida.com\/es\/wp-json\/wp\/v2\/posts\/3724","targetHints":{"allow":["GET"]}}],"collection":[{"href":"https:\/\/downlleida.com\/es\/wp-json\/wp\/v2\/posts"}],"about":[{"href":"https:\/\/downlleida.com\/es\/wp-json\/wp\/v2\/types\/post"}],"author":[{"embeddable":true,"href":"https:\/\/downlleida.com\/es\/wp-json\/wp\/v2\/users\/1"}],"replies":[{"embeddable":true,"href":"https:\/\/downlleida.com\/es\/wp-json\/wp\/v2\/comments?post=3724"}],"version-history":[{"count":0,"href":"https:\/\/downlleida.com\/es\/wp-json\/wp\/v2\/posts\/3724\/revisions"}],"wp:featuredmedia":[{"embeddable":true,"href":"https:\/\/downlleida.com\/es\/wp-json\/wp\/v2\/media\/3352"}],"wp:attachment":[{"href":"https:\/\/downlleida.com\/es\/wp-json\/wp\/v2\/media?parent=3724"}],"wp:term":[{"taxonomy":"category","embeddable":true,"href":"https:\/\/downlleida.com\/es\/wp-json\/wp\/v2\/categories?post=3724"},{"taxonomy":"post_tag","embeddable":true,"href":"https:\/\/downlleida.com\/es\/wp-json\/wp\/v2\/tags?post=3724"}],"curies":[{"name":"wp","href":"https:\/\/api.w.org\/{rel}","templated":true}]}}