{"id":3736,"date":"2022-09-19T15:37:55","date_gmt":"2022-09-19T14:37:55","guid":{"rendered":"https:\/\/downlleida.com\/?p=7718"},"modified":"2022-09-19T15:37:55","modified_gmt":"2022-09-19T14:37:55","slug":"el-14-y-15-de-octubre-la-fcvs-organiza-un-espacio-en-lleida-para-reflexionar-sobre-los-trastornos-mentales-el-estigma-que-se-asocia-con-ellos-y-construir-nuevas-herramientas-para-combatir-esta-lacra","status":"publish","type":"post","link":"https:\/\/downlleida.com\/es\/el-14-y-15-de-octubre-la-fcvs-organiza-un-espacio-en-lleida-para-reflexionar-sobre-los-trastornos-mentales-el-estigma-que-se-asocia-con-ellos-y-construir-nuevas-herramientas-para-combatir-esta-lacra\/","title":{"rendered":"El 14 y 15 de octubre, la FCVS organiza un espacio en Lleida para reflexionar sobre los trastornos mentales, el estigma que se asocia con ellos y construir nuevas herramientas para combatir esta lacra"},"content":{"rendered":"\n<p>Bajo el t\u00edtulo &#8216;Voluntariado y salud mental: ensanchamos las miradas&#8217;, la Federaci\u00f3n Catalana de Voluntariado Social (FCVS) organiza la XVII Jornada Catalana de Voluntariado y Salud, que tendr\u00e1 lugar este 14 y 15 de octubre en la Universidad de Lleida (UdL ). El encuentro propone reflexionar sobre los trastornos mentales en nuestra sociedad y el estigma asociado a ellos. Ser\u00e1 un espacio para reunir capacidades y construir nuevos soportes, contenidos y herramientas para todas las organizaciones de salud que combaten esta lacra.<\/p>\n\n\n\n<p>En la Jornada se reivindicar\u00e1 la importancia del voluntariado en salud, tanto la del presente como la del futuro, porque es uno de los grandes valores a\u00f1adidos en el sistema sanitario de Catalu\u00f1a y ofrece una resistencia tozuda frente al estigma.<\/p>\n\n\n\n<p>Sobre voluntariado y salud mental tenemos mucho que decir y mucho por hacer, y la XVII Jornada Catalana de Voluntariado y Salud ser\u00e1 un espacio para reflexionar y debatirlo.<\/p>\n\n\n\n<p><strong>Programa<\/strong><\/p>\n\n\n\n<p>Los actos presenciales se celebrar\u00e1n en el Edificio Centro de Culturas y Cooperaci\u00f3n Transfronteriza, situado en el Campus de Cappont de la Universidad de Lleida (C. Jaume II, 67).<\/p>\n\n\n\n<p><strong>Jueves 13 de octubre<\/strong><\/p>\n\n\n\n<p>El jueves 13 de octubre se calentar\u00e1n motores para la Jornada con el cinef\u00f3rum de la pel\u00edcula &#8216;Desfent nusos&#8217; que ha organizado Sant Joan de D\u00e9u Terres de Lleida.<\/p>\n\n\n\n<p>V<strong>iernes 14 de octubre<\/strong><\/p>\n\n\n\n<p>La Jornada del viernes 14 de octubre por la ma\u00f1ana ser\u00e1 en formato presencial y se retransmitir\u00e1 en streaming. Empezar\u00e1 con la bienvenida institucional y seguir\u00e1 con la ponencia &#8216;Las diferentes caras del estigma en salud mental&#8217;, a cargo de la psiquiatra y directora de Centro del Hospital San Juan de Dios Terres de Lleida, la doctora Ester Castan. A continuaci\u00f3n, se podr\u00e1 disfrutar de una mesa redonda de programas de voluntariado para conocer buenas pr\u00e1cticas y casos de \u00e9xito de voluntariado y salud mental.<\/p>\n\n\n\n<p>A continuaci\u00f3n se celebrar\u00e1 un di\u00e1logo interdisciplinario en el que cada ponente compartir\u00e1 algunos aspectos del cuidado de la salud mental propios de su disciplina y de su experiencia. El di\u00e1logo permitir\u00e1 reflexionar conjuntamente sobre c\u00f3mo construimos un modelo de cuidado transversal en salud mental en el que el voluntariado se coloca como agente complementario y necesario.<\/p>\n\n\n\n<p>Por la tarde se desarrollar\u00e1 en formato presencial un taller que llevar\u00e1 por t\u00edtulo &#8216;\u00bfQu\u00e9 puedes hacer t\u00fa para romper el estigma?&#8217;. Ser\u00e1 un encuentro presencial para pensar sobre el trato que damos a las personas con trastorno mental y se adquirir\u00e1n herramientas para hacerlo de forma no discriminatoria.<\/p>\n\n\n\n<p><strong>S\u00e1bado 15 de octubre<\/strong><\/p>\n\n\n\n<p>La ma\u00f1ana del s\u00e1bado 15 de octubre ser\u00e1 en formato virtual y se celebrar\u00e1n dos webinars para debatir sobre el equilibrio entre el derecho al bienestar de las personas atendidas y el derecho a hacer voluntariado, y para adquirir herramientas para acompa\u00f1ar con m\u00e1s atenci\u00f3n a j\u00f3venes en sus recorridos de cuidado de su salud mental. En concreto, tendr\u00e1n lugar los siguientes talleres virtuales:<\/p>\n\n\n\n<pre class=\"wp-block-code\"><code><strong>\u00bfC\u00f3mo debo estar para hacer voluntariado?\nHerramientas pr\u00e1cticas para el voluntariado en salud mental con j\u00f3venes<\/strong><\/code><\/pre>\n\n\n\n<p><strong>A qui\u00e9n se dirige<\/strong><\/p>\n\n\n\n<p>La Jornada va dirigida a personas voluntarias, responsables de voluntariado, profesionales de la salud, alumnado y profesorado universitario, y personas y organizaciones interesadas en la tem\u00e1tica.<\/p>\n\n\n\n<p>I<strong>nscripciones<\/strong><\/p>\n\n\n\n<p>La inscripci\u00f3n es gratuita a trav\u00e9s del formulario. El aforo es limitado y es necesaria inscripci\u00f3n en todos los actos (tanto para formato presencial como virtual y para la retransmisi\u00f3n en streaming) excepto el del jueves 13 de octubre.<\/p>\n\n\n\n<p>La informaci\u00f3n de la Jornada puede seguirse a trav\u00e9s de la web voluntaris.cat y de las redes sociales con la etiqueta #VolSalut22.<\/p>\n\n\n\n<p><a href=\"https:\/\/forms.gle\/AVbecAW2KjKeP4XT9\">inscribete a la giornat<\/a><a href=\"https:\/\/forms.gle\/AVbecAW2KjKeP4XT9\" target=\"_blank\" rel=\"noreferrer noopener\">a!<\/a><\/p>\n\n\n\n<p>D<a href=\"https:\/\/voluntaris.cat\/documents\/programa-jornadasalut22\/\">escargas el pro<\/a><a href=\"https:\/\/voluntaris.cat\/documents\/programa-jornadasalut22\/\" target=\"_blank\" rel=\"noreferrer noopener\">grama<\/a><\/p>\n\n\n\n<figure class=\"wp-block-image size-large is-resized\"><img decoding=\"async\" src=\"data:image\/svg+xml,%3Csvg%20xmlns%3D%27http%3A%2F%2Fwww.w3.org%2F2000%2Fsvg%27%20width%3D%27511%27%20height%3D%27721%27%20viewBox%3D%270%200%20511%20721%27%3E%3Crect%20width%3D%27511%27%20height%3D%27721%27%20fill-opacity%3D%220%22%2F%3E%3C%2Fsvg%3E\" data-orig-src=\"https:\/\/downlleida.com\/wp-content\/uploads\/2022\/09\/Screenshot-2022-09-19-at-13.54.19-726x1024.png\" alt=\"\" class=\"lazyload wp-image-7715\" width=\"511\" height=\"721\"\/><\/figure>\n","protected":false},"excerpt":{"rendered":"<p>Bajo el t\u00edtulo &#8216;Voluntariado y salud mental: ensanchamos las miradas&#8217;, [&hellip;]<\/p>\n","protected":false},"author":1,"featured_media":3456,"comment_status":"open","ping_status":"open","sticky":false,"template":"","format":"standard","meta":{"footnotes":""},"categories":[18],"tags":[],"class_list":["post-3736","post","type-post","status-publish","format-standard","has-post-thumbnail","hentry","category-sin-categorizar"],"yoast_head":"<!-- This site is optimized with the Yoast SEO plugin v20.0 - https:\/\/yoast.com\/wordpress\/plugins\/seo\/ -->\n<title>El 14 y 15 de octubre, la FCVS organiza un espacio en Lleida para reflexionar sobre los trastornos mentales, el estigma que se asocia con ellos y construir nuevas herramientas para combatir esta lacra - Down Lleida<\/title>\n<meta name=\"robots\" content=\"index, follow, max-snippet:-1, max-image-preview:large, max-video-preview:-1\" \/>\n<link rel=\"canonical\" href=\"https:\/\/downlleida.com\/es\/el-14-y-15-de-octubre-la-fcvs-organiza-un-espacio-en-lleida-para-reflexionar-sobre-los-trastornos-mentales-el-estigma-que-se-asocia-con-ellos-y-construir-nuevas-herramientas-para-combatir-esta-lacra\/\" \/>\n<meta property=\"og:locale\" content=\"es_ES\" \/>\n<meta property=\"og:type\" content=\"article\" \/>\n<meta property=\"og:title\" content=\"El 14 y 15 de octubre, la FCVS organiza un espacio en Lleida para reflexionar sobre los trastornos mentales, el estigma que se asocia con ellos y construir nuevas herramientas para combatir esta lacra - Down Lleida\" \/>\n<meta property=\"og:description\" content=\"Bajo el t\u00edtulo &#8216;Voluntariado y salud mental: ensanchamos las miradas&#8217;, [&hellip;]\" \/>\n<meta property=\"og:url\" content=\"https:\/\/downlleida.com\/es\/el-14-y-15-de-octubre-la-fcvs-organiza-un-espacio-en-lleida-para-reflexionar-sobre-los-trastornos-mentales-el-estigma-que-se-asocia-con-ellos-y-construir-nuevas-herramientas-para-combatir-esta-lacra\/\" \/>\n<meta property=\"og:site_name\" content=\"Down Lleida\" \/>\n<meta property=\"article:published_time\" content=\"2022-09-19T14:37:55+00:00\" \/>\n<meta property=\"og:image\" content=\"https:\/\/downlleida.com\/wp-content\/uploads\/2022\/09\/Screenshot-2022-09-19-at-13.54.19.png\" \/>\n\t<meta property=\"og:image:width\" content=\"902\" \/>\n\t<meta property=\"og:image:height\" content=\"1272\" \/>\n\t<meta property=\"og:image:type\" content=\"image\/png\" \/>\n<meta name=\"author\" content=\"admin\" \/>\n<meta name=\"twitter:card\" content=\"summary_large_image\" \/>\n<meta name=\"twitter:label1\" content=\"Escrito por\" \/>\n\t<meta name=\"twitter:data1\" content=\"admin\" \/>\n\t<meta name=\"twitter:label2\" content=\"Tiempo de lectura\" \/>\n\t<meta name=\"twitter:data2\" content=\"3 minutos\" \/>\n<script type=\"application\/ld+json\" class=\"yoast-schema-graph\">{\"@context\":\"https:\/\/schema.org\",\"@graph\":[{\"@type\":\"WebPage\",\"@id\":\"https:\/\/downlleida.com\/es\/el-14-y-15-de-octubre-la-fcvs-organiza-un-espacio-en-lleida-para-reflexionar-sobre-los-trastornos-mentales-el-estigma-que-se-asocia-con-ellos-y-construir-nuevas-herramientas-para-combatir-esta-lacra\/\",\"url\":\"https:\/\/downlleida.com\/es\/el-14-y-15-de-octubre-la-fcvs-organiza-un-espacio-en-lleida-para-reflexionar-sobre-los-trastornos-mentales-el-estigma-que-se-asocia-con-ellos-y-construir-nuevas-herramientas-para-combatir-esta-lacra\/\",\"name\":\"El 14 y 15 de octubre, la FCVS organiza un espacio en Lleida para reflexionar sobre los trastornos mentales, el estigma que se asocia con ellos y construir nuevas herramientas para combatir esta lacra - Down Lleida\",\"isPartOf\":{\"@id\":\"https:\/\/downlleida.com\/#website\"},\"datePublished\":\"2022-09-19T14:37:55+00:00\",\"dateModified\":\"2022-09-19T14:37:55+00:00\",\"author\":{\"@id\":\"https:\/\/downlleida.com\/#\/schema\/person\/56bbfe35feca4cae2d5a6366c0e76f42\"},\"breadcrumb\":{\"@id\":\"https:\/\/downlleida.com\/es\/el-14-y-15-de-octubre-la-fcvs-organiza-un-espacio-en-lleida-para-reflexionar-sobre-los-trastornos-mentales-el-estigma-que-se-asocia-con-ellos-y-construir-nuevas-herramientas-para-combatir-esta-lacra\/#breadcrumb\"},\"inLanguage\":\"es\",\"potentialAction\":[{\"@type\":\"ReadAction\",\"target\":[\"https:\/\/downlleida.com\/es\/el-14-y-15-de-octubre-la-fcvs-organiza-un-espacio-en-lleida-para-reflexionar-sobre-los-trastornos-mentales-el-estigma-que-se-asocia-con-ellos-y-construir-nuevas-herramientas-para-combatir-esta-lacra\/\"]}]},{\"@type\":\"BreadcrumbList\",\"@id\":\"https:\/\/downlleida.com\/es\/el-14-y-15-de-octubre-la-fcvs-organiza-un-espacio-en-lleida-para-reflexionar-sobre-los-trastornos-mentales-el-estigma-que-se-asocia-con-ellos-y-construir-nuevas-herramientas-para-combatir-esta-lacra\/#breadcrumb\",\"itemListElement\":[{\"@type\":\"ListItem\",\"position\":1,\"name\":\"Portada\",\"item\":\"https:\/\/downlleida.com\/es\/inicio\/\"},{\"@type\":\"ListItem\",\"position\":2,\"name\":\"El 14 y 15 de octubre, la FCVS organiza un espacio en Lleida para reflexionar sobre los trastornos mentales, el estigma que se asocia con ellos y construir nuevas herramientas para combatir esta lacra\"}]},{\"@type\":\"WebSite\",\"@id\":\"https:\/\/downlleida.com\/#website\",\"url\":\"https:\/\/downlleida.com\/\",\"name\":\"Down Lleida\",\"description\":\"Associaci\u00f3 Lleidatana per a la S\u00edndrome de Down\",\"potentialAction\":[{\"@type\":\"SearchAction\",\"target\":{\"@type\":\"EntryPoint\",\"urlTemplate\":\"https:\/\/downlleida.com\/?s={search_term_string}\"},\"query-input\":\"required name=search_term_string\"}],\"inLanguage\":\"es\"},{\"@type\":\"Person\",\"@id\":\"https:\/\/downlleida.com\/#\/schema\/person\/56bbfe35feca4cae2d5a6366c0e76f42\",\"name\":\"admin\",\"image\":{\"@type\":\"ImageObject\",\"inLanguage\":\"es\",\"@id\":\"https:\/\/downlleida.com\/#\/schema\/person\/image\/\",\"url\":\"https:\/\/secure.gravatar.com\/avatar\/3d8771e958295f415804336505f0c6faebfe16c066754f8f90e0b5a1023ffc77?s=96&d=mm&r=g\",\"contentUrl\":\"https:\/\/secure.gravatar.com\/avatar\/3d8771e958295f415804336505f0c6faebfe16c066754f8f90e0b5a1023ffc77?s=96&d=mm&r=g\",\"caption\":\"admin\"},\"sameAs\":[\"https:\/\/downlleida.com\"],\"url\":\"https:\/\/downlleida.com\/es\/author\/down_5gorj32b\/\"}]}<\/script>\n<!-- \/ Yoast SEO plugin. -->","yoast_head_json":{"title":"El 14 y 15 de octubre, la FCVS organiza un espacio en Lleida para reflexionar sobre los trastornos mentales, el estigma que se asocia con ellos y construir nuevas herramientas para combatir esta lacra - Down Lleida","robots":{"index":"index","follow":"follow","max-snippet":"max-snippet:-1","max-image-preview":"max-image-preview:large","max-video-preview":"max-video-preview:-1"},"canonical":"https:\/\/downlleida.com\/es\/el-14-y-15-de-octubre-la-fcvs-organiza-un-espacio-en-lleida-para-reflexionar-sobre-los-trastornos-mentales-el-estigma-que-se-asocia-con-ellos-y-construir-nuevas-herramientas-para-combatir-esta-lacra\/","og_locale":"es_ES","og_type":"article","og_title":"El 14 y 15 de octubre, la FCVS organiza un espacio en Lleida para reflexionar sobre los trastornos mentales, el estigma que se asocia con ellos y construir nuevas herramientas para combatir esta lacra - Down Lleida","og_description":"Bajo el t\u00edtulo &#8216;Voluntariado y salud mental: ensanchamos las miradas&#8217;, [&hellip;]","og_url":"https:\/\/downlleida.com\/es\/el-14-y-15-de-octubre-la-fcvs-organiza-un-espacio-en-lleida-para-reflexionar-sobre-los-trastornos-mentales-el-estigma-que-se-asocia-con-ellos-y-construir-nuevas-herramientas-para-combatir-esta-lacra\/","og_site_name":"Down Lleida","article_published_time":"2022-09-19T14:37:55+00:00","og_image":[{"width":902,"height":1272,"url":"https:\/\/downlleida.com\/wp-content\/uploads\/2022\/09\/Screenshot-2022-09-19-at-13.54.19.png","type":"image\/png"}],"author":"admin","twitter_card":"summary_large_image","twitter_misc":{"Escrito por":"admin","Tiempo de lectura":"3 minutos"},"schema":{"@context":"https:\/\/schema.org","@graph":[{"@type":"WebPage","@id":"https:\/\/downlleida.com\/es\/el-14-y-15-de-octubre-la-fcvs-organiza-un-espacio-en-lleida-para-reflexionar-sobre-los-trastornos-mentales-el-estigma-que-se-asocia-con-ellos-y-construir-nuevas-herramientas-para-combatir-esta-lacra\/","url":"https:\/\/downlleida.com\/es\/el-14-y-15-de-octubre-la-fcvs-organiza-un-espacio-en-lleida-para-reflexionar-sobre-los-trastornos-mentales-el-estigma-que-se-asocia-con-ellos-y-construir-nuevas-herramientas-para-combatir-esta-lacra\/","name":"El 14 y 15 de octubre, la FCVS organiza un espacio en Lleida para reflexionar sobre los trastornos mentales, el estigma que se asocia con ellos y construir nuevas herramientas para combatir esta lacra - Down Lleida","isPartOf":{"@id":"https:\/\/downlleida.com\/#website"},"datePublished":"2022-09-19T14:37:55+00:00","dateModified":"2022-09-19T14:37:55+00:00","author":{"@id":"https:\/\/downlleida.com\/#\/schema\/person\/56bbfe35feca4cae2d5a6366c0e76f42"},"breadcrumb":{"@id":"https:\/\/downlleida.com\/es\/el-14-y-15-de-octubre-la-fcvs-organiza-un-espacio-en-lleida-para-reflexionar-sobre-los-trastornos-mentales-el-estigma-que-se-asocia-con-ellos-y-construir-nuevas-herramientas-para-combatir-esta-lacra\/#breadcrumb"},"inLanguage":"es","potentialAction":[{"@type":"ReadAction","target":["https:\/\/downlleida.com\/es\/el-14-y-15-de-octubre-la-fcvs-organiza-un-espacio-en-lleida-para-reflexionar-sobre-los-trastornos-mentales-el-estigma-que-se-asocia-con-ellos-y-construir-nuevas-herramientas-para-combatir-esta-lacra\/"]}]},{"@type":"BreadcrumbList","@id":"https:\/\/downlleida.com\/es\/el-14-y-15-de-octubre-la-fcvs-organiza-un-espacio-en-lleida-para-reflexionar-sobre-los-trastornos-mentales-el-estigma-que-se-asocia-con-ellos-y-construir-nuevas-herramientas-para-combatir-esta-lacra\/#breadcrumb","itemListElement":[{"@type":"ListItem","position":1,"name":"Portada","item":"https:\/\/downlleida.com\/es\/inicio\/"},{"@type":"ListItem","position":2,"name":"El 14 y 15 de octubre, la FCVS organiza un espacio en Lleida para reflexionar sobre los trastornos mentales, el estigma que se asocia con ellos y construir nuevas herramientas para combatir esta lacra"}]},{"@type":"WebSite","@id":"https:\/\/downlleida.com\/#website","url":"https:\/\/downlleida.com\/","name":"Down Lleida","description":"Associaci\u00f3 Lleidatana per a la S\u00edndrome de Down","potentialAction":[{"@type":"SearchAction","target":{"@type":"EntryPoint","urlTemplate":"https:\/\/downlleida.com\/?s={search_term_string}"},"query-input":"required name=search_term_string"}],"inLanguage":"es"},{"@type":"Person","@id":"https:\/\/downlleida.com\/#\/schema\/person\/56bbfe35feca4cae2d5a6366c0e76f42","name":"admin","image":{"@type":"ImageObject","inLanguage":"es","@id":"https:\/\/downlleida.com\/#\/schema\/person\/image\/","url":"https:\/\/secure.gravatar.com\/avatar\/3d8771e958295f415804336505f0c6faebfe16c066754f8f90e0b5a1023ffc77?s=96&d=mm&r=g","contentUrl":"https:\/\/secure.gravatar.com\/avatar\/3d8771e958295f415804336505f0c6faebfe16c066754f8f90e0b5a1023ffc77?s=96&d=mm&r=g","caption":"admin"},"sameAs":["https:\/\/downlleida.com"],"url":"https:\/\/downlleida.com\/es\/author\/down_5gorj32b\/"}]}},"_links":{"self":[{"href":"https:\/\/downlleida.com\/es\/wp-json\/wp\/v2\/posts\/3736","targetHints":{"allow":["GET"]}}],"collection":[{"href":"https:\/\/downlleida.com\/es\/wp-json\/wp\/v2\/posts"}],"about":[{"href":"https:\/\/downlleida.com\/es\/wp-json\/wp\/v2\/types\/post"}],"author":[{"embeddable":true,"href":"https:\/\/downlleida.com\/es\/wp-json\/wp\/v2\/users\/1"}],"replies":[{"embeddable":true,"href":"https:\/\/downlleida.com\/es\/wp-json\/wp\/v2\/comments?post=3736"}],"version-history":[{"count":0,"href":"https:\/\/downlleida.com\/es\/wp-json\/wp\/v2\/posts\/3736\/revisions"}],"wp:featuredmedia":[{"embeddable":true,"href":"https:\/\/downlleida.com\/es\/wp-json\/wp\/v2\/media\/3456"}],"wp:attachment":[{"href":"https:\/\/downlleida.com\/es\/wp-json\/wp\/v2\/media?parent=3736"}],"wp:term":[{"taxonomy":"category","embeddable":true,"href":"https:\/\/downlleida.com\/es\/wp-json\/wp\/v2\/categories?post=3736"},{"taxonomy":"post_tag","embeddable":true,"href":"https:\/\/downlleida.com\/es\/wp-json\/wp\/v2\/tags?post=3736"}],"curies":[{"name":"wp","href":"https:\/\/api.w.org\/{rel}","templated":true}]}}