{"id":3747,"date":"2022-05-30T10:18:39","date_gmt":"2022-05-30T09:18:39","guid":{"rendered":"https:\/\/downlleida.com\/?p=7146"},"modified":"2022-05-30T10:18:39","modified_gmt":"2022-05-30T09:18:39","slug":"assemblea-2022","status":"publish","type":"post","link":"https:\/\/downlleida.com\/es\/assemblea-2022\/","title":{"rendered":"Asamblea 2022"},"content":{"rendered":"\n<p>El viernes 27 de mayo se celebr\u00f3 la Asamblea 2022 de DOWN LLEIDA en las instalaciones del hotel Ibis de Lleida. <\/p>\n\n\n\n<p>En la Asamblea se han repasado las actividades y aspectos econ\u00f3micos del a\u00f1o 2021, y se ha hecho la aprobaci\u00f3n para el a\u00f1o 2022 del plan de acci\u00f3n y de los presupuestos.<\/p>\n\n\n\n<p> <\/p>\n\n\n\n<div class=\"wp-block-image is-style-rounded\"><figure class=\"aligncenter size-large is-resized\"><img decoding=\"async\" src=\"data:image\/svg+xml,%3Csvg%20xmlns%3D%27http%3A%2F%2Fwww.w3.org%2F2000%2Fsvg%27%20width%3D%27768%27%20height%3D%27354%27%20viewBox%3D%270%200%20768%20354%27%3E%3Crect%20width%3D%27768%27%20height%3D%27354%27%20fill-opacity%3D%220%22%2F%3E%3C%2Fsvg%3E\" data-orig-src=\"https:\/\/downlleida.com\/wp-content\/uploads\/2022\/05\/WhatsApp-Image-2022-05-27-at-6.46.11-PM-3-1024x472.jpeg\" alt=\"\" class=\"lazyload wp-image-7147\" width=\"768\" height=\"354\"\/><\/figure><\/div>\n\n\n\n<p>Pr\u00f3ximamente compartiremos todos los documentos aprobados durante la Asamblea. <\/p>\n","protected":false},"excerpt":{"rendered":"<p>El viernes 27 de mayo se celebr\u00f3 la Asamblea 2022 [&hellip;]<\/p>\n","protected":false},"author":1,"featured_media":3518,"comment_status":"open","ping_status":"open","sticky":false,"template":"","format":"standard","meta":{"footnotes":""},"categories":[18],"tags":[],"class_list":["post-3747","post","type-post","status-publish","format-standard","has-post-thumbnail","hentry","category-sin-categorizar"],"yoast_head":"<!-- This site is optimized with the Yoast SEO plugin v20.0 - https:\/\/yoast.com\/wordpress\/plugins\/seo\/ -->\n<title>Asamblea 2022 - Down Lleida<\/title>\n<meta name=\"robots\" content=\"index, follow, max-snippet:-1, max-image-preview:large, max-video-preview:-1\" \/>\n<link rel=\"canonical\" href=\"https:\/\/downlleida.com\/es\/assemblea-2022\/\" \/>\n<meta property=\"og:locale\" content=\"es_ES\" \/>\n<meta property=\"og:type\" content=\"article\" \/>\n<meta property=\"og:title\" content=\"Asamblea 2022 - Down Lleida\" \/>\n<meta property=\"og:description\" content=\"El viernes 27 de mayo se celebr\u00f3 la Asamblea 2022 [&hellip;]\" \/>\n<meta property=\"og:url\" content=\"https:\/\/downlleida.com\/es\/assemblea-2022\/\" \/>\n<meta property=\"og:site_name\" content=\"Down Lleida\" \/>\n<meta property=\"article:published_time\" content=\"2022-05-30T09:18:39+00:00\" \/>\n<meta property=\"og:image\" content=\"https:\/\/downlleida.com\/wp-content\/uploads\/2022\/05\/WhatsApp-Image-2022-05-27-at-6.46.11-PM-3.jpeg\" \/>\n\t<meta property=\"og:image:width\" content=\"1600\" \/>\n\t<meta property=\"og:image:height\" content=\"738\" \/>\n\t<meta property=\"og:image:type\" content=\"image\/jpeg\" \/>\n<meta name=\"author\" content=\"admin\" \/>\n<meta name=\"twitter:card\" content=\"summary_large_image\" \/>\n<meta name=\"twitter:label1\" content=\"Escrito por\" \/>\n\t<meta name=\"twitter:data1\" content=\"admin\" \/>\n\t<meta name=\"twitter:label2\" content=\"Tiempo de lectura\" \/>\n\t<meta name=\"twitter:data2\" content=\"1 minuto\" \/>\n<script type=\"application\/ld+json\" class=\"yoast-schema-graph\">{\"@context\":\"https:\/\/schema.org\",\"@graph\":[{\"@type\":\"WebPage\",\"@id\":\"https:\/\/downlleida.com\/es\/assemblea-2022\/\",\"url\":\"https:\/\/downlleida.com\/es\/assemblea-2022\/\",\"name\":\"Asamblea 2022 - Down Lleida\",\"isPartOf\":{\"@id\":\"https:\/\/downlleida.com\/#website\"},\"datePublished\":\"2022-05-30T09:18:39+00:00\",\"dateModified\":\"2022-05-30T09:18:39+00:00\",\"author\":{\"@id\":\"https:\/\/downlleida.com\/#\/schema\/person\/126c619f467f2871c874ec6d69fb0d14\"},\"breadcrumb\":{\"@id\":\"https:\/\/downlleida.com\/es\/assemblea-2022\/#breadcrumb\"},\"inLanguage\":\"es\",\"potentialAction\":[{\"@type\":\"ReadAction\",\"target\":[\"https:\/\/downlleida.com\/es\/assemblea-2022\/\"]}]},{\"@type\":\"BreadcrumbList\",\"@id\":\"https:\/\/downlleida.com\/es\/assemblea-2022\/#breadcrumb\",\"itemListElement\":[{\"@type\":\"ListItem\",\"position\":1,\"name\":\"Portada\",\"item\":\"https:\/\/downlleida.com\/es\/inicio\/\"},{\"@type\":\"ListItem\",\"position\":2,\"name\":\"Asamblea 2022\"}]},{\"@type\":\"WebSite\",\"@id\":\"https:\/\/downlleida.com\/#website\",\"url\":\"https:\/\/downlleida.com\/\",\"name\":\"Down Lleida\",\"description\":\"Associaci\u00f3 Lleidatana per a la S\u00edndrome de Down\",\"potentialAction\":[{\"@type\":\"SearchAction\",\"target\":{\"@type\":\"EntryPoint\",\"urlTemplate\":\"https:\/\/downlleida.com\/?s={search_term_string}\"},\"query-input\":\"required name=search_term_string\"}],\"inLanguage\":\"es\"},{\"@type\":\"Person\",\"@id\":\"https:\/\/downlleida.com\/#\/schema\/person\/126c619f467f2871c874ec6d69fb0d14\",\"name\":\"admin\",\"image\":{\"@type\":\"ImageObject\",\"inLanguage\":\"es\",\"@id\":\"https:\/\/downlleida.com\/#\/schema\/person\/image\/\",\"url\":\"https:\/\/secure.gravatar.com\/avatar\/3d8771e958295f415804336505f0c6faebfe16c066754f8f90e0b5a1023ffc77?s=96&d=mm&r=g\",\"contentUrl\":\"https:\/\/secure.gravatar.com\/avatar\/3d8771e958295f415804336505f0c6faebfe16c066754f8f90e0b5a1023ffc77?s=96&d=mm&r=g\",\"caption\":\"admin\"},\"sameAs\":[\"https:\/\/downlleida.com\"],\"url\":\"https:\/\/downlleida.com\/es\/author\/down_5gorj32b\/\"}]}<\/script>\n<!-- \/ Yoast SEO plugin. -->","yoast_head_json":{"title":"Asamblea 2022 - Down Lleida","robots":{"index":"index","follow":"follow","max-snippet":"max-snippet:-1","max-image-preview":"max-image-preview:large","max-video-preview":"max-video-preview:-1"},"canonical":"https:\/\/downlleida.com\/es\/assemblea-2022\/","og_locale":"es_ES","og_type":"article","og_title":"Asamblea 2022 - Down Lleida","og_description":"El viernes 27 de mayo se celebr\u00f3 la Asamblea 2022 [&hellip;]","og_url":"https:\/\/downlleida.com\/es\/assemblea-2022\/","og_site_name":"Down Lleida","article_published_time":"2022-05-30T09:18:39+00:00","og_image":[{"width":1600,"height":738,"url":"https:\/\/downlleida.com\/wp-content\/uploads\/2022\/05\/WhatsApp-Image-2022-05-27-at-6.46.11-PM-3.jpeg","type":"image\/jpeg"}],"author":"admin","twitter_card":"summary_large_image","twitter_misc":{"Escrito por":"admin","Tiempo de lectura":"1 minuto"},"schema":{"@context":"https:\/\/schema.org","@graph":[{"@type":"WebPage","@id":"https:\/\/downlleida.com\/es\/assemblea-2022\/","url":"https:\/\/downlleida.com\/es\/assemblea-2022\/","name":"Asamblea 2022 - Down Lleida","isPartOf":{"@id":"https:\/\/downlleida.com\/#website"},"datePublished":"2022-05-30T09:18:39+00:00","dateModified":"2022-05-30T09:18:39+00:00","author":{"@id":"https:\/\/downlleida.com\/#\/schema\/person\/126c619f467f2871c874ec6d69fb0d14"},"breadcrumb":{"@id":"https:\/\/downlleida.com\/es\/assemblea-2022\/#breadcrumb"},"inLanguage":"es","potentialAction":[{"@type":"ReadAction","target":["https:\/\/downlleida.com\/es\/assemblea-2022\/"]}]},{"@type":"BreadcrumbList","@id":"https:\/\/downlleida.com\/es\/assemblea-2022\/#breadcrumb","itemListElement":[{"@type":"ListItem","position":1,"name":"Portada","item":"https:\/\/downlleida.com\/es\/inicio\/"},{"@type":"ListItem","position":2,"name":"Asamblea 2022"}]},{"@type":"WebSite","@id":"https:\/\/downlleida.com\/#website","url":"https:\/\/downlleida.com\/","name":"Down Lleida","description":"Associaci\u00f3 Lleidatana per a la S\u00edndrome de Down","potentialAction":[{"@type":"SearchAction","target":{"@type":"EntryPoint","urlTemplate":"https:\/\/downlleida.com\/?s={search_term_string}"},"query-input":"required name=search_term_string"}],"inLanguage":"es"},{"@type":"Person","@id":"https:\/\/downlleida.com\/#\/schema\/person\/126c619f467f2871c874ec6d69fb0d14","name":"admin","image":{"@type":"ImageObject","inLanguage":"es","@id":"https:\/\/downlleida.com\/#\/schema\/person\/image\/","url":"https:\/\/secure.gravatar.com\/avatar\/3d8771e958295f415804336505f0c6faebfe16c066754f8f90e0b5a1023ffc77?s=96&d=mm&r=g","contentUrl":"https:\/\/secure.gravatar.com\/avatar\/3d8771e958295f415804336505f0c6faebfe16c066754f8f90e0b5a1023ffc77?s=96&d=mm&r=g","caption":"admin"},"sameAs":["https:\/\/downlleida.com"],"url":"https:\/\/downlleida.com\/es\/author\/down_5gorj32b\/"}]}},"_links":{"self":[{"href":"https:\/\/downlleida.com\/es\/wp-json\/wp\/v2\/posts\/3747","targetHints":{"allow":["GET"]}}],"collection":[{"href":"https:\/\/downlleida.com\/es\/wp-json\/wp\/v2\/posts"}],"about":[{"href":"https:\/\/downlleida.com\/es\/wp-json\/wp\/v2\/types\/post"}],"author":[{"embeddable":true,"href":"https:\/\/downlleida.com\/es\/wp-json\/wp\/v2\/users\/1"}],"replies":[{"embeddable":true,"href":"https:\/\/downlleida.com\/es\/wp-json\/wp\/v2\/comments?post=3747"}],"version-history":[{"count":0,"href":"https:\/\/downlleida.com\/es\/wp-json\/wp\/v2\/posts\/3747\/revisions"}],"wp:featuredmedia":[{"embeddable":true,"href":"https:\/\/downlleida.com\/es\/wp-json\/wp\/v2\/media\/3518"}],"wp:attachment":[{"href":"https:\/\/downlleida.com\/es\/wp-json\/wp\/v2\/media?parent=3747"}],"wp:term":[{"taxonomy":"category","embeddable":true,"href":"https:\/\/downlleida.com\/es\/wp-json\/wp\/v2\/categories?post=3747"},{"taxonomy":"post_tag","embeddable":true,"href":"https:\/\/downlleida.com\/es\/wp-json\/wp\/v2\/tags?post=3747"}],"curies":[{"name":"wp","href":"https:\/\/api.w.org\/{rel}","templated":true}]}}