{"id":3751,"date":"2022-03-09T14:11:21","date_gmt":"2022-03-09T13:11:21","guid":{"rendered":"http:\/\/downlleida.org\/?p=6964"},"modified":"2022-03-09T14:11:21","modified_gmt":"2022-03-09T13:11:21","slug":"xii-marcha-senderista-solidaria-del-baix-segre","status":"publish","type":"post","link":"https:\/\/downlleida.com\/es\/xii-marcha-senderista-solidaria-del-baix-segre\/","title":{"rendered":"XII Marcha Senderista Solidaria del Baix Segre"},"content":{"rendered":"\n<p>La Marcha de La Granja de Escarp es ya un cl\u00e1sico en el calendario senderista de las tierras de Ponent, que este a\u00f1o se celebrar\u00e1 el Domingo 13 de marzo de 2022, llegando a su 12\u00aa edici\u00f3n, y con una participaci\u00f3n que en las \u00faltimas ediciones, ha superado a los 500 participantes.<\/p>\n\n\n\n<p>Este a\u00f1o, se quiere consolidar la Marcha Senderista del Baix Segre como marcha solidaria: Y se destinar\u00e1 1\u20ac de cada inscripci\u00f3n al colaborar, a partes iguales, en los proyectos de dos asociaciones locales AREMI y DOWN LLEIDA.<\/p>\n\n\n\n<p>Este a\u00f1o la salida ser\u00e1 conjunta (ruta azul, roja y negra), a la misma hora, 8:30 de la ma\u00f1ana.<\/p>\n\n\n\n<p>La salida de la ruta blanca, ruta de 3km adaptada y gratuita, tendr\u00e1 lugar a las 10:30 de la ma\u00f1ana.<\/p>\n\n\n\n<p>Se ofrecer\u00e1 el Servicio de Ludoteca; se dar\u00e1 a partir de las 8:00h, hasta las 14h (es necesario solicitar este servicio mediante las inscripciones previas).<\/p>\n\n\n\n<p>Con tres rutas que abarcan de los 10 a los 24 km, la Marcha Senderista del Bajo Segre de La Granja de Escarp est\u00e1 dise\u00f1ada para que todo el mundo pueda disfrutar de un d\u00eda de deporte y naturaleza, sea cual sea su condici\u00f3n f\u00edsica. Todo el mundo puede elegir su ruta ya su ritmo, caminando o corriendo.<\/p>\n\n\n\n<p>Ya puede tramitar sus inscripciones anticipadas por la 12\u00aa edici\u00f3n de la Marcha Senderista de La Granja de Escarp.<\/p>\n\n\n\n<p>Tiene dos opciones:<\/p>\n\n\n\n<p>a) Online: Debe clicar <a href=\"https:\/\/www.iter5.cat\/inscripcions\/formCursa.php?id=1662\">AQU\u00cd <\/a>(opci\u00f3n recomendada por la organizaci\u00f3n)<\/p>\n\n\n\n<p>b) Presencialmente: En el Ayuntamiento de la Granja de Escarp (d\u00edas laborables de 10h a 13h).<\/p>\n\n\n\n<p>\u00daltimo d\u00eda de inscripciones anticipadas: domingo 6 de marzo.<\/p>\n\n\n\n<p>Precios:<\/p>\n\n\n\n<ul class=\"wp-block-list\"><li>Inscripci\u00f3n Anticipada, hasta el domingo 6 de marzo: 8,00 \u20ac\/participante<\/li><li>Inscripci\u00f3n Anticipada, hasta el domingo 13 de marzo: 11,00 \u20ac\/participante<\/li><li>Servicio Ludoteca 5,00 \u20ac\/ni\u00f1o (servicio de 8:00h, hasta las 14h y el ni\u00f1o\/a debe ser mayor de un a\u00f1o)<\/li><\/ul>\n\n\n\n<p>*Los ni\u00f1os\/as nacidos a partir del 2016, a\u00f1o 2016 incluido, tendr\u00e1n la inscripci\u00f3n gratuita (Habr\u00e1 que rellenar el bolet\u00edn de inscripci\u00f3n el mismo d\u00eda de la marcha).<\/p>\n","protected":false},"excerpt":{"rendered":"<p>La Marcha de La Granja de Escarp es ya un [&hellip;]<\/p>\n","protected":false},"author":1,"featured_media":3540,"comment_status":"open","ping_status":"open","sticky":false,"template":"","format":"standard","meta":{"footnotes":""},"categories":[18],"tags":[],"class_list":["post-3751","post","type-post","status-publish","format-standard","has-post-thumbnail","hentry","category-sin-categorizar"],"yoast_head":"<!-- This site is optimized with the Yoast SEO plugin v20.0 - https:\/\/yoast.com\/wordpress\/plugins\/seo\/ -->\n<title>XII Marcha Senderista Solidaria del Baix Segre - Down Lleida<\/title>\n<meta name=\"robots\" content=\"index, follow, max-snippet:-1, max-image-preview:large, max-video-preview:-1\" \/>\n<link rel=\"canonical\" href=\"https:\/\/downlleida.com\/es\/xii-marcha-senderista-solidaria-del-baix-segre\/\" \/>\n<meta property=\"og:locale\" content=\"es_ES\" \/>\n<meta property=\"og:type\" content=\"article\" \/>\n<meta property=\"og:title\" content=\"XII Marcha Senderista Solidaria del Baix Segre - Down Lleida\" \/>\n<meta property=\"og:description\" content=\"La Marcha de La Granja de Escarp es ya un [&hellip;]\" \/>\n<meta property=\"og:url\" content=\"https:\/\/downlleida.com\/es\/xii-marcha-senderista-solidaria-del-baix-segre\/\" \/>\n<meta property=\"og:site_name\" content=\"Down Lleida\" \/>\n<meta property=\"article:published_time\" content=\"2022-03-09T13:11:21+00:00\" \/>\n<meta property=\"og:image\" content=\"https:\/\/downlleida.com\/wp-content\/uploads\/2022\/03\/Cartell-caminada.jpeg\" \/>\n\t<meta property=\"og:image:width\" content=\"1131\" \/>\n\t<meta property=\"og:image:height\" content=\"1600\" \/>\n\t<meta property=\"og:image:type\" content=\"image\/jpeg\" \/>\n<meta name=\"author\" content=\"admin\" \/>\n<meta name=\"twitter:card\" content=\"summary_large_image\" \/>\n<meta name=\"twitter:label1\" content=\"Escrito por\" \/>\n\t<meta name=\"twitter:data1\" content=\"admin\" \/>\n\t<meta name=\"twitter:label2\" content=\"Tiempo de lectura\" \/>\n\t<meta name=\"twitter:data2\" content=\"2 minutos\" \/>\n<script type=\"application\/ld+json\" class=\"yoast-schema-graph\">{\"@context\":\"https:\/\/schema.org\",\"@graph\":[{\"@type\":\"WebPage\",\"@id\":\"https:\/\/downlleida.com\/es\/xii-marcha-senderista-solidaria-del-baix-segre\/\",\"url\":\"https:\/\/downlleida.com\/es\/xii-marcha-senderista-solidaria-del-baix-segre\/\",\"name\":\"XII Marcha Senderista Solidaria del Baix Segre - Down Lleida\",\"isPartOf\":{\"@id\":\"https:\/\/downlleida.com\/#website\"},\"datePublished\":\"2022-03-09T13:11:21+00:00\",\"dateModified\":\"2022-03-09T13:11:21+00:00\",\"author\":{\"@id\":\"https:\/\/downlleida.com\/#\/schema\/person\/126c619f467f2871c874ec6d69fb0d14\"},\"breadcrumb\":{\"@id\":\"https:\/\/downlleida.com\/es\/xii-marcha-senderista-solidaria-del-baix-segre\/#breadcrumb\"},\"inLanguage\":\"es\",\"potentialAction\":[{\"@type\":\"ReadAction\",\"target\":[\"https:\/\/downlleida.com\/es\/xii-marcha-senderista-solidaria-del-baix-segre\/\"]}]},{\"@type\":\"BreadcrumbList\",\"@id\":\"https:\/\/downlleida.com\/es\/xii-marcha-senderista-solidaria-del-baix-segre\/#breadcrumb\",\"itemListElement\":[{\"@type\":\"ListItem\",\"position\":1,\"name\":\"Portada\",\"item\":\"https:\/\/downlleida.com\/es\/inicio\/\"},{\"@type\":\"ListItem\",\"position\":2,\"name\":\"XII Marcha Senderista Solidaria del Baix Segre\"}]},{\"@type\":\"WebSite\",\"@id\":\"https:\/\/downlleida.com\/#website\",\"url\":\"https:\/\/downlleida.com\/\",\"name\":\"Down Lleida\",\"description\":\"Associaci\u00f3 Lleidatana per a la S\u00edndrome de Down\",\"potentialAction\":[{\"@type\":\"SearchAction\",\"target\":{\"@type\":\"EntryPoint\",\"urlTemplate\":\"https:\/\/downlleida.com\/?s={search_term_string}\"},\"query-input\":\"required name=search_term_string\"}],\"inLanguage\":\"es\"},{\"@type\":\"Person\",\"@id\":\"https:\/\/downlleida.com\/#\/schema\/person\/126c619f467f2871c874ec6d69fb0d14\",\"name\":\"admin\",\"image\":{\"@type\":\"ImageObject\",\"inLanguage\":\"es\",\"@id\":\"https:\/\/downlleida.com\/#\/schema\/person\/image\/\",\"url\":\"https:\/\/secure.gravatar.com\/avatar\/3d8771e958295f415804336505f0c6faebfe16c066754f8f90e0b5a1023ffc77?s=96&d=mm&r=g\",\"contentUrl\":\"https:\/\/secure.gravatar.com\/avatar\/3d8771e958295f415804336505f0c6faebfe16c066754f8f90e0b5a1023ffc77?s=96&d=mm&r=g\",\"caption\":\"admin\"},\"sameAs\":[\"https:\/\/downlleida.com\"],\"url\":\"https:\/\/downlleida.com\/es\/author\/down_5gorj32b\/\"}]}<\/script>\n<!-- \/ Yoast SEO plugin. -->","yoast_head_json":{"title":"XII Marcha Senderista Solidaria del Baix Segre - Down Lleida","robots":{"index":"index","follow":"follow","max-snippet":"max-snippet:-1","max-image-preview":"max-image-preview:large","max-video-preview":"max-video-preview:-1"},"canonical":"https:\/\/downlleida.com\/es\/xii-marcha-senderista-solidaria-del-baix-segre\/","og_locale":"es_ES","og_type":"article","og_title":"XII Marcha Senderista Solidaria del Baix Segre - Down Lleida","og_description":"La Marcha de La Granja de Escarp es ya un [&hellip;]","og_url":"https:\/\/downlleida.com\/es\/xii-marcha-senderista-solidaria-del-baix-segre\/","og_site_name":"Down Lleida","article_published_time":"2022-03-09T13:11:21+00:00","og_image":[{"width":1131,"height":1600,"url":"https:\/\/downlleida.com\/wp-content\/uploads\/2022\/03\/Cartell-caminada.jpeg","type":"image\/jpeg"}],"author":"admin","twitter_card":"summary_large_image","twitter_misc":{"Escrito por":"admin","Tiempo de lectura":"2 minutos"},"schema":{"@context":"https:\/\/schema.org","@graph":[{"@type":"WebPage","@id":"https:\/\/downlleida.com\/es\/xii-marcha-senderista-solidaria-del-baix-segre\/","url":"https:\/\/downlleida.com\/es\/xii-marcha-senderista-solidaria-del-baix-segre\/","name":"XII Marcha Senderista Solidaria del Baix Segre - Down Lleida","isPartOf":{"@id":"https:\/\/downlleida.com\/#website"},"datePublished":"2022-03-09T13:11:21+00:00","dateModified":"2022-03-09T13:11:21+00:00","author":{"@id":"https:\/\/downlleida.com\/#\/schema\/person\/126c619f467f2871c874ec6d69fb0d14"},"breadcrumb":{"@id":"https:\/\/downlleida.com\/es\/xii-marcha-senderista-solidaria-del-baix-segre\/#breadcrumb"},"inLanguage":"es","potentialAction":[{"@type":"ReadAction","target":["https:\/\/downlleida.com\/es\/xii-marcha-senderista-solidaria-del-baix-segre\/"]}]},{"@type":"BreadcrumbList","@id":"https:\/\/downlleida.com\/es\/xii-marcha-senderista-solidaria-del-baix-segre\/#breadcrumb","itemListElement":[{"@type":"ListItem","position":1,"name":"Portada","item":"https:\/\/downlleida.com\/es\/inicio\/"},{"@type":"ListItem","position":2,"name":"XII Marcha Senderista Solidaria del Baix Segre"}]},{"@type":"WebSite","@id":"https:\/\/downlleida.com\/#website","url":"https:\/\/downlleida.com\/","name":"Down Lleida","description":"Associaci\u00f3 Lleidatana per a la S\u00edndrome de Down","potentialAction":[{"@type":"SearchAction","target":{"@type":"EntryPoint","urlTemplate":"https:\/\/downlleida.com\/?s={search_term_string}"},"query-input":"required name=search_term_string"}],"inLanguage":"es"},{"@type":"Person","@id":"https:\/\/downlleida.com\/#\/schema\/person\/126c619f467f2871c874ec6d69fb0d14","name":"admin","image":{"@type":"ImageObject","inLanguage":"es","@id":"https:\/\/downlleida.com\/#\/schema\/person\/image\/","url":"https:\/\/secure.gravatar.com\/avatar\/3d8771e958295f415804336505f0c6faebfe16c066754f8f90e0b5a1023ffc77?s=96&d=mm&r=g","contentUrl":"https:\/\/secure.gravatar.com\/avatar\/3d8771e958295f415804336505f0c6faebfe16c066754f8f90e0b5a1023ffc77?s=96&d=mm&r=g","caption":"admin"},"sameAs":["https:\/\/downlleida.com"],"url":"https:\/\/downlleida.com\/es\/author\/down_5gorj32b\/"}]}},"_links":{"self":[{"href":"https:\/\/downlleida.com\/es\/wp-json\/wp\/v2\/posts\/3751","targetHints":{"allow":["GET"]}}],"collection":[{"href":"https:\/\/downlleida.com\/es\/wp-json\/wp\/v2\/posts"}],"about":[{"href":"https:\/\/downlleida.com\/es\/wp-json\/wp\/v2\/types\/post"}],"author":[{"embeddable":true,"href":"https:\/\/downlleida.com\/es\/wp-json\/wp\/v2\/users\/1"}],"replies":[{"embeddable":true,"href":"https:\/\/downlleida.com\/es\/wp-json\/wp\/v2\/comments?post=3751"}],"version-history":[{"count":0,"href":"https:\/\/downlleida.com\/es\/wp-json\/wp\/v2\/posts\/3751\/revisions"}],"wp:featuredmedia":[{"embeddable":true,"href":"https:\/\/downlleida.com\/es\/wp-json\/wp\/v2\/media\/3540"}],"wp:attachment":[{"href":"https:\/\/downlleida.com\/es\/wp-json\/wp\/v2\/media?parent=3751"}],"wp:term":[{"taxonomy":"category","embeddable":true,"href":"https:\/\/downlleida.com\/es\/wp-json\/wp\/v2\/categories?post=3751"},{"taxonomy":"post_tag","embeddable":true,"href":"https:\/\/downlleida.com\/es\/wp-json\/wp\/v2\/tags?post=3751"}],"curies":[{"name":"wp","href":"https:\/\/api.w.org\/{rel}","templated":true}]}}