{"id":3761,"date":"2021-05-12T22:01:02","date_gmt":"2021-05-12T21:04:02","guid":{"rendered":"http:\/\/downlleida.org\/?p=6480"},"modified":"2023-08-30T12:53:17","modified_gmt":"2023-08-30T11:53:17","slug":"5a-milla-solidaria-seca-de-sant-pere","status":"publish","type":"post","link":"https:\/\/downlleida.com\/es\/5a-milla-solidaria-seca-de-sant-pere\/","title":{"rendered":"5\u00aa Milla Solid\u00e0ria Sec\u00e0 de Sant Pere"},"content":{"rendered":"\n<p class=\"has-medium-font-size\"><strong>Ja tenim aqu\u00ed la 5a Milla Solid\u00e0ria Sec\u00e0 de Sant Pere: el proper 2 de juliol tens un cita amb la solidaritat i l&#8217;esport!<\/strong> <\/p>\n\n\n\n<p>Aquest any hi ha 3 modalitats de participaci\u00f3:<\/p>\n\n\n\n<ul class=\"wp-block-list\"><li>Milla presencial (1.609 metres) <a href=\"https:\/\/www.iter5.cat\/inscripcions\/formCursa.php?id=1555\">https:\/\/www.iter5.cat\/inscripcions\/formCursa.php?id=1555<\/a><\/li><\/ul>\n\n\n\n<ul class=\"wp-block-list\"><li>Curses infantils <a href=\"https:\/\/www.iter5.cat\/inscripcions\/llistat_inscrits.php?id=1556\">https:\/\/www.iter5.cat\/inscripcions\/llistat_inscrits.php?id=1556<\/a><\/li><\/ul>\n\n\n\n<ul class=\"wp-block-list\"><li>Milla virtual (fes l\u2019activitat esportiva que m\u00e9s t\u2019agradi i comparteix una fotografia a les xarxes) <a href=\"https:\/\/www.iter5.cat\/inscripcions\/formCursa.php?id=1557\">https:\/\/www.iter5.cat\/inscripcions\/formCursa.php?id=1557<\/a><\/li><\/ul>\n\n\n\n<p>Pots consultar el reglament de la prova <a href=\"https:\/\/www.iter5.cat\/webroot\/files\/2021_REGLAMENT_5milla.pdf\">aqu\u00ed.<\/a><\/p>\n\n\n\n<div class=\"wp-block-image\"><figure class=\"aligncenter\"><a href=\"http:\/\/downlleida.org\/wp-content\/uploads\/2021\/05\/WhatsApp-Image-2021-05-12-at-19.05.09-1.jpeg\"><img decoding=\"async\" src=\"data:image\/gif;base64,R0lGODlhAQABAAAAACH5BAEKAAEALAAAAAABAAEAAAICTAEAOw==\" data-orig-src=\"http:\/\/downlleida.org\/wp-content\/uploads\/2021\/05\/WhatsApp-Image-2021-05-12-at-19.05.09-1-213x300.jpeg\" alt=\"\" class=\"lazyload wp-image-6477\"\/><\/a><\/figure><\/div>\n","protected":false},"excerpt":{"rendered":"<p>Ja tenim aqu\u00ed la 5a Milla Solid\u00e0ria Sec\u00e0 de Sant [&hellip;]<\/p>\n","protected":false},"author":1,"featured_media":3577,"comment_status":"open","ping_status":"open","sticky":false,"template":"","format":"standard","meta":{"footnotes":""},"categories":[18],"tags":[],"class_list":["post-3761","post","type-post","status-publish","format-standard","has-post-thumbnail","hentry","category-sin-categorizar"],"yoast_head":"<!-- This site is optimized with the Yoast SEO plugin v20.0 - https:\/\/yoast.com\/wordpress\/plugins\/seo\/ -->\n<title>5\u00aa Milla Solid\u00e0ria Sec\u00e0 de Sant Pere - Down Lleida<\/title>\n<meta name=\"robots\" content=\"index, follow, max-snippet:-1, max-image-preview:large, max-video-preview:-1\" \/>\n<link rel=\"canonical\" href=\"https:\/\/downlleida.com\/es\/5a-milla-solidaria-seca-de-sant-pere\/\" \/>\n<meta property=\"og:locale\" content=\"es_ES\" \/>\n<meta property=\"og:type\" content=\"article\" \/>\n<meta property=\"og:title\" content=\"5\u00aa Milla Solid\u00e0ria Sec\u00e0 de Sant Pere - Down Lleida\" \/>\n<meta property=\"og:description\" content=\"Ja tenim aqu\u00ed la 5a Milla Solid\u00e0ria Sec\u00e0 de Sant [&hellip;]\" \/>\n<meta property=\"og:url\" content=\"https:\/\/downlleida.com\/es\/5a-milla-solidaria-seca-de-sant-pere\/\" \/>\n<meta property=\"og:site_name\" content=\"Down Lleida\" \/>\n<meta property=\"article:published_time\" content=\"2021-05-12T21:04:02+00:00\" \/>\n<meta property=\"article:modified_time\" content=\"2023-08-30T11:53:17+00:00\" \/>\n<meta property=\"og:image\" content=\"https:\/\/downlleida.com\/wp-content\/uploads\/2021\/05\/WhatsApp-Image-2021-05-12-at-19.05.09.jpeg\" \/>\n\t<meta property=\"og:image:width\" content=\"995\" \/>\n\t<meta property=\"og:image:height\" content=\"489\" \/>\n\t<meta property=\"og:image:type\" content=\"image\/jpeg\" \/>\n<meta name=\"author\" content=\"admin\" \/>\n<meta name=\"twitter:card\" content=\"summary_large_image\" \/>\n<meta name=\"twitter:label1\" content=\"Escrito por\" \/>\n\t<meta name=\"twitter:data1\" content=\"admin\" \/>\n<script type=\"application\/ld+json\" class=\"yoast-schema-graph\">{\"@context\":\"https:\/\/schema.org\",\"@graph\":[{\"@type\":\"WebPage\",\"@id\":\"https:\/\/downlleida.com\/es\/5a-milla-solidaria-seca-de-sant-pere\/\",\"url\":\"https:\/\/downlleida.com\/es\/5a-milla-solidaria-seca-de-sant-pere\/\",\"name\":\"5\u00aa Milla Solid\u00e0ria Sec\u00e0 de Sant Pere - Down Lleida\",\"isPartOf\":{\"@id\":\"https:\/\/downlleida.com\/#website\"},\"datePublished\":\"2021-05-12T21:04:02+00:00\",\"dateModified\":\"2023-08-30T11:53:17+00:00\",\"author\":{\"@id\":\"https:\/\/downlleida.com\/#\/schema\/person\/126c619f467f2871c874ec6d69fb0d14\"},\"breadcrumb\":{\"@id\":\"https:\/\/downlleida.com\/es\/5a-milla-solidaria-seca-de-sant-pere\/#breadcrumb\"},\"inLanguage\":\"es\",\"potentialAction\":[{\"@type\":\"ReadAction\",\"target\":[\"https:\/\/downlleida.com\/es\/5a-milla-solidaria-seca-de-sant-pere\/\"]}]},{\"@type\":\"BreadcrumbList\",\"@id\":\"https:\/\/downlleida.com\/es\/5a-milla-solidaria-seca-de-sant-pere\/#breadcrumb\",\"itemListElement\":[{\"@type\":\"ListItem\",\"position\":1,\"name\":\"Portada\",\"item\":\"https:\/\/downlleida.com\/es\/inicio\/\"},{\"@type\":\"ListItem\",\"position\":2,\"name\":\"5\u00aa Milla Solid\u00e0ria Sec\u00e0 de Sant Pere\"}]},{\"@type\":\"WebSite\",\"@id\":\"https:\/\/downlleida.com\/#website\",\"url\":\"https:\/\/downlleida.com\/\",\"name\":\"Down Lleida\",\"description\":\"Associaci\u00f3 Lleidatana per a la S\u00edndrome de Down\",\"potentialAction\":[{\"@type\":\"SearchAction\",\"target\":{\"@type\":\"EntryPoint\",\"urlTemplate\":\"https:\/\/downlleida.com\/?s={search_term_string}\"},\"query-input\":\"required name=search_term_string\"}],\"inLanguage\":\"es\"},{\"@type\":\"Person\",\"@id\":\"https:\/\/downlleida.com\/#\/schema\/person\/126c619f467f2871c874ec6d69fb0d14\",\"name\":\"admin\",\"image\":{\"@type\":\"ImageObject\",\"inLanguage\":\"es\",\"@id\":\"https:\/\/downlleida.com\/#\/schema\/person\/image\/\",\"url\":\"https:\/\/secure.gravatar.com\/avatar\/3d8771e958295f415804336505f0c6faebfe16c066754f8f90e0b5a1023ffc77?s=96&d=mm&r=g\",\"contentUrl\":\"https:\/\/secure.gravatar.com\/avatar\/3d8771e958295f415804336505f0c6faebfe16c066754f8f90e0b5a1023ffc77?s=96&d=mm&r=g\",\"caption\":\"admin\"},\"sameAs\":[\"https:\/\/downlleida.com\"],\"url\":\"https:\/\/downlleida.com\/es\/author\/down_5gorj32b\/\"}]}<\/script>\n<!-- \/ Yoast SEO plugin. -->","yoast_head_json":{"title":"5\u00aa Milla Solid\u00e0ria Sec\u00e0 de Sant Pere - Down Lleida","robots":{"index":"index","follow":"follow","max-snippet":"max-snippet:-1","max-image-preview":"max-image-preview:large","max-video-preview":"max-video-preview:-1"},"canonical":"https:\/\/downlleida.com\/es\/5a-milla-solidaria-seca-de-sant-pere\/","og_locale":"es_ES","og_type":"article","og_title":"5\u00aa Milla Solid\u00e0ria Sec\u00e0 de Sant Pere - Down Lleida","og_description":"Ja tenim aqu\u00ed la 5a Milla Solid\u00e0ria Sec\u00e0 de Sant [&hellip;]","og_url":"https:\/\/downlleida.com\/es\/5a-milla-solidaria-seca-de-sant-pere\/","og_site_name":"Down Lleida","article_published_time":"2021-05-12T21:04:02+00:00","article_modified_time":"2023-08-30T11:53:17+00:00","og_image":[{"width":995,"height":489,"url":"https:\/\/downlleida.com\/wp-content\/uploads\/2021\/05\/WhatsApp-Image-2021-05-12-at-19.05.09.jpeg","type":"image\/jpeg"}],"author":"admin","twitter_card":"summary_large_image","twitter_misc":{"Escrito por":"admin"},"schema":{"@context":"https:\/\/schema.org","@graph":[{"@type":"WebPage","@id":"https:\/\/downlleida.com\/es\/5a-milla-solidaria-seca-de-sant-pere\/","url":"https:\/\/downlleida.com\/es\/5a-milla-solidaria-seca-de-sant-pere\/","name":"5\u00aa Milla Solid\u00e0ria Sec\u00e0 de Sant Pere - Down Lleida","isPartOf":{"@id":"https:\/\/downlleida.com\/#website"},"datePublished":"2021-05-12T21:04:02+00:00","dateModified":"2023-08-30T11:53:17+00:00","author":{"@id":"https:\/\/downlleida.com\/#\/schema\/person\/126c619f467f2871c874ec6d69fb0d14"},"breadcrumb":{"@id":"https:\/\/downlleida.com\/es\/5a-milla-solidaria-seca-de-sant-pere\/#breadcrumb"},"inLanguage":"es","potentialAction":[{"@type":"ReadAction","target":["https:\/\/downlleida.com\/es\/5a-milla-solidaria-seca-de-sant-pere\/"]}]},{"@type":"BreadcrumbList","@id":"https:\/\/downlleida.com\/es\/5a-milla-solidaria-seca-de-sant-pere\/#breadcrumb","itemListElement":[{"@type":"ListItem","position":1,"name":"Portada","item":"https:\/\/downlleida.com\/es\/inicio\/"},{"@type":"ListItem","position":2,"name":"5\u00aa Milla Solid\u00e0ria Sec\u00e0 de Sant Pere"}]},{"@type":"WebSite","@id":"https:\/\/downlleida.com\/#website","url":"https:\/\/downlleida.com\/","name":"Down Lleida","description":"Associaci\u00f3 Lleidatana per a la S\u00edndrome de Down","potentialAction":[{"@type":"SearchAction","target":{"@type":"EntryPoint","urlTemplate":"https:\/\/downlleida.com\/?s={search_term_string}"},"query-input":"required name=search_term_string"}],"inLanguage":"es"},{"@type":"Person","@id":"https:\/\/downlleida.com\/#\/schema\/person\/126c619f467f2871c874ec6d69fb0d14","name":"admin","image":{"@type":"ImageObject","inLanguage":"es","@id":"https:\/\/downlleida.com\/#\/schema\/person\/image\/","url":"https:\/\/secure.gravatar.com\/avatar\/3d8771e958295f415804336505f0c6faebfe16c066754f8f90e0b5a1023ffc77?s=96&d=mm&r=g","contentUrl":"https:\/\/secure.gravatar.com\/avatar\/3d8771e958295f415804336505f0c6faebfe16c066754f8f90e0b5a1023ffc77?s=96&d=mm&r=g","caption":"admin"},"sameAs":["https:\/\/downlleida.com"],"url":"https:\/\/downlleida.com\/es\/author\/down_5gorj32b\/"}]}},"_links":{"self":[{"href":"https:\/\/downlleida.com\/es\/wp-json\/wp\/v2\/posts\/3761","targetHints":{"allow":["GET"]}}],"collection":[{"href":"https:\/\/downlleida.com\/es\/wp-json\/wp\/v2\/posts"}],"about":[{"href":"https:\/\/downlleida.com\/es\/wp-json\/wp\/v2\/types\/post"}],"author":[{"embeddable":true,"href":"https:\/\/downlleida.com\/es\/wp-json\/wp\/v2\/users\/1"}],"replies":[{"embeddable":true,"href":"https:\/\/downlleida.com\/es\/wp-json\/wp\/v2\/comments?post=3761"}],"version-history":[{"count":1,"href":"https:\/\/downlleida.com\/es\/wp-json\/wp\/v2\/posts\/3761\/revisions"}],"predecessor-version":[{"id":4081,"href":"https:\/\/downlleida.com\/es\/wp-json\/wp\/v2\/posts\/3761\/revisions\/4081"}],"wp:featuredmedia":[{"embeddable":true,"href":"https:\/\/downlleida.com\/es\/wp-json\/wp\/v2\/media\/3577"}],"wp:attachment":[{"href":"https:\/\/downlleida.com\/es\/wp-json\/wp\/v2\/media?parent=3761"}],"wp:term":[{"taxonomy":"category","embeddable":true,"href":"https:\/\/downlleida.com\/es\/wp-json\/wp\/v2\/categories?post=3761"},{"taxonomy":"post_tag","embeddable":true,"href":"https:\/\/downlleida.com\/es\/wp-json\/wp\/v2\/tags?post=3761"}],"curies":[{"name":"wp","href":"https:\/\/api.w.org\/{rel}","templated":true}]}}