{"id":3764,"date":"2021-04-15T10:38:37","date_gmt":"2021-04-15T09:38:37","guid":{"rendered":"http:\/\/downlleida.org\/?p=6413"},"modified":"2021-04-15T10:38:37","modified_gmt":"2021-04-15T09:38:37","slug":"recaudacion-cambia-tu-mirada-2021","status":"publish","type":"post","link":"https:\/\/downlleida.com\/es\/recaudacion-cambia-tu-mirada-2021\/","title":{"rendered":"Recaudaci\u00f3n &#8216;Cambia tu mirada&#8217; 2021"},"content":{"rendered":"\n<p>La semana del 15 al 21 de marzo organizamos la jornada &#8216;Cambia tu mirada&#8217; con la colaboraci\u00f3n de m\u00e1s de 21 establecimientos, con el doble objetivo de sensibilizar a la poblaci\u00f3n y recaudar fondos para la continuidad de los proyectos que promueven la inclusi\u00f3n en los \u00e1mbitos familiar, educativo, laboral, formativo, de vida independiente, ocio, deportes y voluntariado para las personas con s\u00edndrome de Down.<\/p>\n\n\n\n<p>El resultado de esta jornada ha sido de 4.000 \u20ac, que se han transformado en inclusi\u00f3n y oportunidades de futuro para personas con s\u00edndrome de Down y otras discapacidades intelectuales.<\/p>\n\n\n\n<p>MUCHAS GRACIAS !!<\/p>\n\n\n\n<ul class=\"wp-block-gallery columns-5 is-cropped wp-block-gallery-1 is-layout-flex wp-block-gallery-is-layout-flex\"><li class=\"blocks-gallery-item\"><figure><img decoding=\"async\" src=\"data:image\/gif;base64,R0lGODlhAQABAAAAACH5BAEKAAEALAAAAAABAAEAAAICTAEAOw==\" data-orig-src=\"http:\/\/downlleida.org\/wp-content\/uploads\/2021\/04\/IMG-20210319-WA0040-768x1024.jpg\" alt=\"\" data-id=\"6411\" data-link=\"http:\/\/downlleida.org\/img-20210319-wa0040-2\/\" class=\"lazyload wp-image-6411\"\/><\/figure><\/li><li class=\"blocks-gallery-item\"><figure><img decoding=\"async\" src=\"data:image\/gif;base64,R0lGODlhAQABAAAAACH5BAEKAAEALAAAAAABAAEAAAICTAEAOw==\" data-orig-src=\"http:\/\/downlleida.org\/wp-content\/uploads\/2021\/04\/IMG-20210319-WA0027-1024x768.jpg\" alt=\"\" data-id=\"6409\" data-link=\"http:\/\/downlleida.org\/img-20210319-wa0027-2\/\" class=\"lazyload wp-image-6409\"\/><\/figure><\/li><li class=\"blocks-gallery-item\"><figure><img decoding=\"async\" src=\"data:image\/gif;base64,R0lGODlhAQABAAAAACH5BAEKAAEALAAAAAABAAEAAAICTAEAOw==\" data-orig-src=\"http:\/\/downlleida.org\/wp-content\/uploads\/2021\/04\/IMG-20210318-WA0042-768x1024.jpg\" alt=\"\" data-id=\"6407\" data-link=\"http:\/\/downlleida.org\/img-20210318-wa0042-2\/\" class=\"lazyload wp-image-6407\"\/><\/figure><\/li><li class=\"blocks-gallery-item\"><figure><img decoding=\"async\" src=\"data:image\/gif;base64,R0lGODlhAQABAAAAACH5BAEKAAEALAAAAAABAAEAAAICTAEAOw==\" data-orig-src=\"http:\/\/downlleida.org\/wp-content\/uploads\/2021\/04\/IMG-20210323-WA0014-1024x768.jpg\" alt=\"\" data-id=\"6405\" data-link=\"http:\/\/downlleida.org\/img-20210323-wa0014-2\/\" class=\"lazyload wp-image-6405\"\/><\/figure><\/li><li class=\"blocks-gallery-item\"><figure><img decoding=\"async\" src=\"data:image\/gif;base64,R0lGODlhAQABAAAAACH5BAEKAAEALAAAAAABAAEAAAICTAEAOw==\" data-orig-src=\"http:\/\/downlleida.org\/wp-content\/uploads\/2021\/04\/IMG-20210321-WA0079-1024x768.jpg\" alt=\"\" data-id=\"6403\" data-link=\"http:\/\/downlleida.org\/img-20210321-wa0079-2\/\" class=\"lazyload wp-image-6403\"\/><\/figure><\/li><li class=\"blocks-gallery-item\"><figure><img decoding=\"async\" src=\"data:image\/gif;base64,R0lGODlhAQABAAAAACH5BAEKAAEALAAAAAABAAEAAAICTAEAOw==\" data-orig-src=\"http:\/\/downlleida.org\/wp-content\/uploads\/2021\/04\/IMG-20210321-WA0064-1024x769.jpg\" alt=\"\" data-id=\"6401\" data-link=\"http:\/\/downlleida.org\/img-20210321-wa0064-2\/\" class=\"lazyload wp-image-6401\"\/><\/figure><\/li><li class=\"blocks-gallery-item\"><figure><img decoding=\"async\" src=\"data:image\/gif;base64,R0lGODlhAQABAAAAACH5BAEKAAEALAAAAAABAAEAAAICTAEAOw==\" data-orig-src=\"http:\/\/downlleida.org\/wp-content\/uploads\/2021\/04\/IMG-20210321-WA0050-1024x768.jpg\" alt=\"\" data-id=\"6399\" data-link=\"http:\/\/downlleida.org\/img-20210321-wa0050-2\/\" class=\"lazyload wp-image-6399\"\/><\/figure><\/li><li class=\"blocks-gallery-item\"><figure><img decoding=\"async\" src=\"data:image\/gif;base64,R0lGODlhAQABAAAAACH5BAEKAAEALAAAAAABAAEAAAICTAEAOw==\" data-orig-src=\"http:\/\/downlleida.org\/wp-content\/uploads\/2021\/04\/IMG-20210321-WA0036-1024x768.jpg\" alt=\"\" data-id=\"6397\" data-link=\"http:\/\/downlleida.org\/img-20210321-wa0036-2\/\" class=\"lazyload wp-image-6397\"\/><\/figure><\/li><li class=\"blocks-gallery-item\"><figure><img decoding=\"async\" src=\"data:image\/gif;base64,R0lGODlhAQABAAAAACH5BAEKAAEALAAAAAABAAEAAAICTAEAOw==\" data-orig-src=\"http:\/\/downlleida.org\/wp-content\/uploads\/2021\/04\/IMG-20210321-WA0029-1024x768.jpg\" alt=\"\" data-id=\"6395\" data-link=\"http:\/\/downlleida.org\/img-20210321-wa0029-2\/\" class=\"lazyload wp-image-6395\"\/><\/figure><\/li><li class=\"blocks-gallery-item\"><figure><img decoding=\"async\" src=\"data:image\/gif;base64,R0lGODlhAQABAAAAACH5BAEKAAEALAAAAAABAAEAAAICTAEAOw==\" data-orig-src=\"http:\/\/downlleida.org\/wp-content\/uploads\/2021\/04\/Dise\u00f1o-sin-t\u00edtulo-35-1024x1024.png\" alt=\"\" data-id=\"6392\" data-link=\"http:\/\/downlleida.org\/diseno-sin-titulo-35-2\/\" class=\"lazyload wp-image-6392\"\/><\/figure><\/li><\/ul>\n","protected":false},"excerpt":{"rendered":"<p>La semana del 15 al 21 de marzo organizamos la [&hellip;]<\/p>\n","protected":false},"author":1,"featured_media":3588,"comment_status":"open","ping_status":"open","sticky":false,"template":"","format":"standard","meta":{"footnotes":""},"categories":[18],"tags":[],"class_list":["post-3764","post","type-post","status-publish","format-standard","has-post-thumbnail","hentry","category-sin-categorizar"],"yoast_head":"<!-- This site is optimized with the Yoast SEO plugin v20.0 - https:\/\/yoast.com\/wordpress\/plugins\/seo\/ -->\n<title>Recaudaci\u00f3n &#039;Cambia tu mirada&#039; 2021 - Down Lleida<\/title>\n<meta name=\"robots\" content=\"index, follow, max-snippet:-1, max-image-preview:large, max-video-preview:-1\" \/>\n<link rel=\"canonical\" href=\"https:\/\/downlleida.com\/es\/recaudacion-cambia-tu-mirada-2021\/\" \/>\n<meta property=\"og:locale\" content=\"es_ES\" \/>\n<meta property=\"og:type\" content=\"article\" \/>\n<meta property=\"og:title\" content=\"Recaudaci\u00f3n &#039;Cambia tu mirada&#039; 2021 - Down Lleida\" \/>\n<meta property=\"og:description\" content=\"La semana del 15 al 21 de marzo organizamos la [&hellip;]\" \/>\n<meta property=\"og:url\" content=\"https:\/\/downlleida.com\/es\/recaudacion-cambia-tu-mirada-2021\/\" \/>\n<meta property=\"og:site_name\" content=\"Down Lleida\" \/>\n<meta property=\"article:published_time\" content=\"2021-04-15T09:38:37+00:00\" \/>\n<meta property=\"og:image\" content=\"https:\/\/downlleida.com\/wp-content\/uploads\/2021\/04\/IMG-20210323-WA0014.jpg\" \/>\n\t<meta property=\"og:image:width\" content=\"1600\" \/>\n\t<meta property=\"og:image:height\" content=\"1200\" \/>\n\t<meta property=\"og:image:type\" content=\"image\/jpeg\" \/>\n<meta name=\"author\" content=\"admin\" \/>\n<meta name=\"twitter:card\" content=\"summary_large_image\" \/>\n<meta name=\"twitter:label1\" content=\"Escrito por\" \/>\n\t<meta name=\"twitter:data1\" content=\"admin\" \/>\n<script type=\"application\/ld+json\" class=\"yoast-schema-graph\">{\"@context\":\"https:\/\/schema.org\",\"@graph\":[{\"@type\":\"WebPage\",\"@id\":\"https:\/\/downlleida.com\/es\/recaudacion-cambia-tu-mirada-2021\/\",\"url\":\"https:\/\/downlleida.com\/es\/recaudacion-cambia-tu-mirada-2021\/\",\"name\":\"Recaudaci\u00f3n 'Cambia tu mirada' 2021 - Down Lleida\",\"isPartOf\":{\"@id\":\"https:\/\/downlleida.com\/#website\"},\"datePublished\":\"2021-04-15T09:38:37+00:00\",\"dateModified\":\"2021-04-15T09:38:37+00:00\",\"author\":{\"@id\":\"https:\/\/downlleida.com\/#\/schema\/person\/126c619f467f2871c874ec6d69fb0d14\"},\"breadcrumb\":{\"@id\":\"https:\/\/downlleida.com\/es\/recaudacion-cambia-tu-mirada-2021\/#breadcrumb\"},\"inLanguage\":\"es\",\"potentialAction\":[{\"@type\":\"ReadAction\",\"target\":[\"https:\/\/downlleida.com\/es\/recaudacion-cambia-tu-mirada-2021\/\"]}]},{\"@type\":\"BreadcrumbList\",\"@id\":\"https:\/\/downlleida.com\/es\/recaudacion-cambia-tu-mirada-2021\/#breadcrumb\",\"itemListElement\":[{\"@type\":\"ListItem\",\"position\":1,\"name\":\"Portada\",\"item\":\"https:\/\/downlleida.com\/es\/inicio\/\"},{\"@type\":\"ListItem\",\"position\":2,\"name\":\"Recaudaci\u00f3n &#8216;Cambia tu mirada&#8217; 2021\"}]},{\"@type\":\"WebSite\",\"@id\":\"https:\/\/downlleida.com\/#website\",\"url\":\"https:\/\/downlleida.com\/\",\"name\":\"Down Lleida\",\"description\":\"Associaci\u00f3 Lleidatana per a la S\u00edndrome de Down\",\"potentialAction\":[{\"@type\":\"SearchAction\",\"target\":{\"@type\":\"EntryPoint\",\"urlTemplate\":\"https:\/\/downlleida.com\/?s={search_term_string}\"},\"query-input\":\"required name=search_term_string\"}],\"inLanguage\":\"es\"},{\"@type\":\"Person\",\"@id\":\"https:\/\/downlleida.com\/#\/schema\/person\/126c619f467f2871c874ec6d69fb0d14\",\"name\":\"admin\",\"image\":{\"@type\":\"ImageObject\",\"inLanguage\":\"es\",\"@id\":\"https:\/\/downlleida.com\/#\/schema\/person\/image\/\",\"url\":\"https:\/\/secure.gravatar.com\/avatar\/3d8771e958295f415804336505f0c6faebfe16c066754f8f90e0b5a1023ffc77?s=96&d=mm&r=g\",\"contentUrl\":\"https:\/\/secure.gravatar.com\/avatar\/3d8771e958295f415804336505f0c6faebfe16c066754f8f90e0b5a1023ffc77?s=96&d=mm&r=g\",\"caption\":\"admin\"},\"sameAs\":[\"https:\/\/downlleida.com\"],\"url\":\"https:\/\/downlleida.com\/es\/author\/down_5gorj32b\/\"}]}<\/script>\n<!-- \/ Yoast SEO plugin. -->","yoast_head_json":{"title":"Recaudaci\u00f3n 'Cambia tu mirada' 2021 - Down Lleida","robots":{"index":"index","follow":"follow","max-snippet":"max-snippet:-1","max-image-preview":"max-image-preview:large","max-video-preview":"max-video-preview:-1"},"canonical":"https:\/\/downlleida.com\/es\/recaudacion-cambia-tu-mirada-2021\/","og_locale":"es_ES","og_type":"article","og_title":"Recaudaci\u00f3n 'Cambia tu mirada' 2021 - Down Lleida","og_description":"La semana del 15 al 21 de marzo organizamos la [&hellip;]","og_url":"https:\/\/downlleida.com\/es\/recaudacion-cambia-tu-mirada-2021\/","og_site_name":"Down Lleida","article_published_time":"2021-04-15T09:38:37+00:00","og_image":[{"width":1600,"height":1200,"url":"https:\/\/downlleida.com\/wp-content\/uploads\/2021\/04\/IMG-20210323-WA0014.jpg","type":"image\/jpeg"}],"author":"admin","twitter_card":"summary_large_image","twitter_misc":{"Escrito por":"admin"},"schema":{"@context":"https:\/\/schema.org","@graph":[{"@type":"WebPage","@id":"https:\/\/downlleida.com\/es\/recaudacion-cambia-tu-mirada-2021\/","url":"https:\/\/downlleida.com\/es\/recaudacion-cambia-tu-mirada-2021\/","name":"Recaudaci\u00f3n 'Cambia tu mirada' 2021 - Down Lleida","isPartOf":{"@id":"https:\/\/downlleida.com\/#website"},"datePublished":"2021-04-15T09:38:37+00:00","dateModified":"2021-04-15T09:38:37+00:00","author":{"@id":"https:\/\/downlleida.com\/#\/schema\/person\/126c619f467f2871c874ec6d69fb0d14"},"breadcrumb":{"@id":"https:\/\/downlleida.com\/es\/recaudacion-cambia-tu-mirada-2021\/#breadcrumb"},"inLanguage":"es","potentialAction":[{"@type":"ReadAction","target":["https:\/\/downlleida.com\/es\/recaudacion-cambia-tu-mirada-2021\/"]}]},{"@type":"BreadcrumbList","@id":"https:\/\/downlleida.com\/es\/recaudacion-cambia-tu-mirada-2021\/#breadcrumb","itemListElement":[{"@type":"ListItem","position":1,"name":"Portada","item":"https:\/\/downlleida.com\/es\/inicio\/"},{"@type":"ListItem","position":2,"name":"Recaudaci\u00f3n &#8216;Cambia tu mirada&#8217; 2021"}]},{"@type":"WebSite","@id":"https:\/\/downlleida.com\/#website","url":"https:\/\/downlleida.com\/","name":"Down Lleida","description":"Associaci\u00f3 Lleidatana per a la S\u00edndrome de Down","potentialAction":[{"@type":"SearchAction","target":{"@type":"EntryPoint","urlTemplate":"https:\/\/downlleida.com\/?s={search_term_string}"},"query-input":"required name=search_term_string"}],"inLanguage":"es"},{"@type":"Person","@id":"https:\/\/downlleida.com\/#\/schema\/person\/126c619f467f2871c874ec6d69fb0d14","name":"admin","image":{"@type":"ImageObject","inLanguage":"es","@id":"https:\/\/downlleida.com\/#\/schema\/person\/image\/","url":"https:\/\/secure.gravatar.com\/avatar\/3d8771e958295f415804336505f0c6faebfe16c066754f8f90e0b5a1023ffc77?s=96&d=mm&r=g","contentUrl":"https:\/\/secure.gravatar.com\/avatar\/3d8771e958295f415804336505f0c6faebfe16c066754f8f90e0b5a1023ffc77?s=96&d=mm&r=g","caption":"admin"},"sameAs":["https:\/\/downlleida.com"],"url":"https:\/\/downlleida.com\/es\/author\/down_5gorj32b\/"}]}},"_links":{"self":[{"href":"https:\/\/downlleida.com\/es\/wp-json\/wp\/v2\/posts\/3764","targetHints":{"allow":["GET"]}}],"collection":[{"href":"https:\/\/downlleida.com\/es\/wp-json\/wp\/v2\/posts"}],"about":[{"href":"https:\/\/downlleida.com\/es\/wp-json\/wp\/v2\/types\/post"}],"author":[{"embeddable":true,"href":"https:\/\/downlleida.com\/es\/wp-json\/wp\/v2\/users\/1"}],"replies":[{"embeddable":true,"href":"https:\/\/downlleida.com\/es\/wp-json\/wp\/v2\/comments?post=3764"}],"version-history":[{"count":0,"href":"https:\/\/downlleida.com\/es\/wp-json\/wp\/v2\/posts\/3764\/revisions"}],"wp:featuredmedia":[{"embeddable":true,"href":"https:\/\/downlleida.com\/es\/wp-json\/wp\/v2\/media\/3588"}],"wp:attachment":[{"href":"https:\/\/downlleida.com\/es\/wp-json\/wp\/v2\/media?parent=3764"}],"wp:term":[{"taxonomy":"category","embeddable":true,"href":"https:\/\/downlleida.com\/es\/wp-json\/wp\/v2\/categories?post=3764"},{"taxonomy":"post_tag","embeddable":true,"href":"https:\/\/downlleida.com\/es\/wp-json\/wp\/v2\/tags?post=3764"}],"curies":[{"name":"wp","href":"https:\/\/api.w.org\/{rel}","templated":true}]}}