{"id":3786,"date":"2020-06-22T00:24:17","date_gmt":"2020-06-21T23:24:17","guid":{"rendered":"http:\/\/downlleida.org\/?p=5537"},"modified":"2020-06-22T00:20:31","modified_gmt":"2020-06-21T23:20:31","slug":"exito-de-participacion-en-la-iv-milla-solidaria-seca-de-sant-pere","status":"publish","type":"post","link":"https:\/\/downlleida.com\/es\/exito-de-participacion-en-la-iv-milla-solidaria-seca-de-sant-pere\/","title":{"rendered":"\u00c9xito de participaci\u00f3n en la IV Milla Solidaria Sec\u00e0 de Sant Pere"},"content":{"rendered":"\n<p>Casi 100 personas han participado entre los d\u00edas 19 y 20 de junio en la IV Milla Solidaria Sec\u00e0 de Sant Pere, realizando todo tipo de actividades deportivas (correr, caminar, jugar al f\u00fatbol, \u200b\u200bir en bicicleta, etc.)<\/p>\n\n\n\n<div class=\"wp-block-image\"><figure class=\"alignright is-resized\"><a href=\"http:\/\/downlleida.org\/wp-content\/uploads\/2020\/06\/CORONAVIRUS_-SOLIDARITAT-EN-MARXA-IV-MILLA-SOLID\u00c0RIA-SEC\u00c0-DE-SANT-PERE-5.png\"><img decoding=\"async\" src=\"data:image\/svg+xml,%3Csvg%20xmlns%3D%27http%3A%2F%2Fwww.w3.org%2F2000%2Fsvg%27%20width%3D%27372%27%20height%3D%27526%27%20viewBox%3D%270%200%20372%20526%27%3E%3Crect%20width%3D%27372%27%20height%3D%27526%27%20fill-opacity%3D%220%22%2F%3E%3C%2Fsvg%3E\" data-orig-src=\"http:\/\/downlleida.org\/wp-content\/uploads\/2020\/06\/CORONAVIRUS_-SOLIDARITAT-EN-MARXA-IV-MILLA-SOLID\u00c0RIA-SEC\u00c0-DE-SANT-PERE-5-724x1024.png\" alt=\"\" class=\"lazyload wp-image-5538\" width=\"372\" height=\"526\"\/><\/a><\/figure><\/div>\n\n\n\n<p>La iniciativa solidaria a favor de la Asociaci\u00f3n Down Lleida ha contado con el apoyo de la Asociaci\u00f3n de Vecinos del Sec\u00e0 de Sant Pere y del \u00e1rea de deportes del Ajuntament de Lleida.<\/p>\n\n\n\n<p>Esta ha sido una edici\u00f3n especial debido a la situaci\u00f3n sanitaria de la covid19, y se ha organizado el encuentro deportivo en formato virtual, practicando cada persona deporte y compartiendo fotograf\u00edas para redes sociales.<\/p>\n\n\n\n<p>La milla ha permitido recaudar m\u00e1s de 1.000 \u20ac para ayudar a que Down Lleida pueda volver a la actividad presencial con las m\u00e1ximas garant\u00edas de seguridad e higiene para evitar la propagaci\u00f3n de la covid19. <\/p>\n\n\n\n<p>\u00a1GRACIAS A TODAS LAS PERSONAS QUE LO HAB\u00c9IS HECHO POSIBLE!<\/p>\n\n\n\n<div class=\"wp-block-image\"><figure class=\"aligncenter is-resized\"><a href=\"http:\/\/downlleida.org\/wp-content\/uploads\/2020\/06\/donatius-finals.png\"><img decoding=\"async\" src=\"data:image\/svg+xml,%3Csvg%20xmlns%3D%27http%3A%2F%2Fwww.w3.org%2F2000%2Fsvg%27%20width%3D%27508%27%20height%3D%27213%27%20viewBox%3D%270%200%20508%20213%27%3E%3Crect%20width%3D%27508%27%20height%3D%27213%27%20fill-opacity%3D%220%22%2F%3E%3C%2Fsvg%3E\" data-orig-src=\"http:\/\/downlleida.org\/wp-content\/uploads\/2020\/06\/donatius-finals-1024x430.png\" alt=\"\" class=\"lazyload wp-image-5541\" width=\"508\" height=\"213\"\/><\/a><\/figure><\/div>\n\n\n\n<p><strong>Les fotograf\u00edas ganadoras en las diferentes categor\u00edas han sido las siguientes:<\/strong><\/p>\n\n\n\n<p>FOTOGRAFIA CON MAYOR N\u00ba DE PARTICIPANTES HACIENDO DEPORTE: <strong>Club Trotallunatics<\/strong><br>FOTOGRAFIA FAMILIAR HACIENDO DEPORTE: <strong>Club Esbufecs<\/strong> (porque son como una gran familia)<br>FOTOGRAFIA CON EL MEJOR TIEMPO CORRIENDO LA MILLA: <strong>Josep Maria Sanahuja<\/strong><br>FOTOGRAFIA M\u00c1S ORIGINAL: <strong>Jordi Reguant<\/strong><br>FOTOGRAFIA CON EL MEJOR DORSAL: <strong>Yolanda Cebri\u00e1n<\/strong><\/p>\n","protected":false},"excerpt":{"rendered":"<p>Casi 100 personas han participado entre los d\u00edas 19 y [&hellip;]<\/p>\n","protected":false},"author":1,"featured_media":3789,"comment_status":"open","ping_status":"open","sticky":false,"template":"","format":"standard","meta":{"footnotes":""},"categories":[18],"tags":[],"class_list":["post-3786","post","type-post","status-publish","format-standard","has-post-thumbnail","hentry","category-sin-categorizar"],"yoast_head":"<!-- This site is optimized with the Yoast SEO plugin v20.0 - https:\/\/yoast.com\/wordpress\/plugins\/seo\/ -->\n<title>\u00c9xito de participaci\u00f3n en la IV Milla Solidaria Sec\u00e0 de Sant Pere - Down Lleida<\/title>\n<meta name=\"robots\" content=\"index, follow, max-snippet:-1, max-image-preview:large, max-video-preview:-1\" \/>\n<link rel=\"canonical\" href=\"https:\/\/downlleida.com\/es\/exito-de-participacion-en-la-iv-milla-solidaria-seca-de-sant-pere\/\" \/>\n<meta property=\"og:locale\" content=\"es_ES\" \/>\n<meta property=\"og:type\" content=\"article\" \/>\n<meta property=\"og:title\" content=\"\u00c9xito de participaci\u00f3n en la IV Milla Solidaria Sec\u00e0 de Sant Pere - Down Lleida\" \/>\n<meta property=\"og:description\" content=\"Casi 100 personas han participado entre los d\u00edas 19 y [&hellip;]\" \/>\n<meta property=\"og:url\" content=\"https:\/\/downlleida.com\/es\/exito-de-participacion-en-la-iv-milla-solidaria-seca-de-sant-pere\/\" \/>\n<meta property=\"og:site_name\" content=\"Down Lleida\" \/>\n<meta property=\"article:published_time\" content=\"2020-06-21T23:24:17+00:00\" \/>\n<meta property=\"article:modified_time\" content=\"2020-06-21T23:20:31+00:00\" \/>\n<meta property=\"og:image\" content=\"https:\/\/downlleida.com\/wp-content\/uploads\/2020\/06\/CORONAVIRUS_-SOLIDARITAT-EN-MARXA-IV-MILLA-SOLID\u00c0RIA-SEC\u00c0-DE-SANT-PERE-5-724x1024.png\" \/>\n\t<meta property=\"og:image:width\" content=\"724\" \/>\n\t<meta property=\"og:image:height\" content=\"1024\" \/>\n\t<meta property=\"og:image:type\" content=\"image\/png\" \/>\n<meta name=\"author\" content=\"admin\" \/>\n<meta name=\"twitter:card\" content=\"summary_large_image\" \/>\n<meta name=\"twitter:label1\" content=\"Escrito por\" \/>\n\t<meta name=\"twitter:data1\" content=\"admin\" \/>\n\t<meta name=\"twitter:label2\" content=\"Tiempo de lectura\" \/>\n\t<meta name=\"twitter:data2\" content=\"1 minuto\" \/>\n<script type=\"application\/ld+json\" class=\"yoast-schema-graph\">{\"@context\":\"https:\/\/schema.org\",\"@graph\":[{\"@type\":\"WebPage\",\"@id\":\"https:\/\/downlleida.com\/es\/exito-de-participacion-en-la-iv-milla-solidaria-seca-de-sant-pere\/\",\"url\":\"https:\/\/downlleida.com\/es\/exito-de-participacion-en-la-iv-milla-solidaria-seca-de-sant-pere\/\",\"name\":\"\u00c9xito de participaci\u00f3n en la IV Milla Solidaria Sec\u00e0 de Sant Pere - Down Lleida\",\"isPartOf\":{\"@id\":\"https:\/\/downlleida.com\/#website\"},\"datePublished\":\"2020-06-21T23:24:17+00:00\",\"dateModified\":\"2020-06-21T23:20:31+00:00\",\"author\":{\"@id\":\"https:\/\/downlleida.com\/#\/schema\/person\/56bbfe35feca4cae2d5a6366c0e76f42\"},\"breadcrumb\":{\"@id\":\"https:\/\/downlleida.com\/es\/exito-de-participacion-en-la-iv-milla-solidaria-seca-de-sant-pere\/#breadcrumb\"},\"inLanguage\":\"es\",\"potentialAction\":[{\"@type\":\"ReadAction\",\"target\":[\"https:\/\/downlleida.com\/es\/exito-de-participacion-en-la-iv-milla-solidaria-seca-de-sant-pere\/\"]}]},{\"@type\":\"BreadcrumbList\",\"@id\":\"https:\/\/downlleida.com\/es\/exito-de-participacion-en-la-iv-milla-solidaria-seca-de-sant-pere\/#breadcrumb\",\"itemListElement\":[{\"@type\":\"ListItem\",\"position\":1,\"name\":\"Portada\",\"item\":\"https:\/\/downlleida.com\/es\/inicio\/\"},{\"@type\":\"ListItem\",\"position\":2,\"name\":\"\u00c9xito de participaci\u00f3n en la IV Milla Solidaria Sec\u00e0 de Sant Pere\"}]},{\"@type\":\"WebSite\",\"@id\":\"https:\/\/downlleida.com\/#website\",\"url\":\"https:\/\/downlleida.com\/\",\"name\":\"Down Lleida\",\"description\":\"Associaci\u00f3 Lleidatana per a la S\u00edndrome de Down\",\"potentialAction\":[{\"@type\":\"SearchAction\",\"target\":{\"@type\":\"EntryPoint\",\"urlTemplate\":\"https:\/\/downlleida.com\/?s={search_term_string}\"},\"query-input\":\"required name=search_term_string\"}],\"inLanguage\":\"es\"},{\"@type\":\"Person\",\"@id\":\"https:\/\/downlleida.com\/#\/schema\/person\/56bbfe35feca4cae2d5a6366c0e76f42\",\"name\":\"admin\",\"image\":{\"@type\":\"ImageObject\",\"inLanguage\":\"es\",\"@id\":\"https:\/\/downlleida.com\/#\/schema\/person\/image\/\",\"url\":\"https:\/\/secure.gravatar.com\/avatar\/3d8771e958295f415804336505f0c6faebfe16c066754f8f90e0b5a1023ffc77?s=96&d=mm&r=g\",\"contentUrl\":\"https:\/\/secure.gravatar.com\/avatar\/3d8771e958295f415804336505f0c6faebfe16c066754f8f90e0b5a1023ffc77?s=96&d=mm&r=g\",\"caption\":\"admin\"},\"sameAs\":[\"https:\/\/downlleida.com\"],\"url\":\"https:\/\/downlleida.com\/es\/author\/down_5gorj32b\/\"}]}<\/script>\n<!-- \/ Yoast SEO plugin. -->","yoast_head_json":{"title":"\u00c9xito de participaci\u00f3n en la IV Milla Solidaria Sec\u00e0 de Sant Pere - Down Lleida","robots":{"index":"index","follow":"follow","max-snippet":"max-snippet:-1","max-image-preview":"max-image-preview:large","max-video-preview":"max-video-preview:-1"},"canonical":"https:\/\/downlleida.com\/es\/exito-de-participacion-en-la-iv-milla-solidaria-seca-de-sant-pere\/","og_locale":"es_ES","og_type":"article","og_title":"\u00c9xito de participaci\u00f3n en la IV Milla Solidaria Sec\u00e0 de Sant Pere - Down Lleida","og_description":"Casi 100 personas han participado entre los d\u00edas 19 y [&hellip;]","og_url":"https:\/\/downlleida.com\/es\/exito-de-participacion-en-la-iv-milla-solidaria-seca-de-sant-pere\/","og_site_name":"Down Lleida","article_published_time":"2020-06-21T23:24:17+00:00","article_modified_time":"2020-06-21T23:20:31+00:00","og_image":[{"width":724,"height":1024,"url":"https:\/\/downlleida.com\/wp-content\/uploads\/2020\/06\/CORONAVIRUS_-SOLIDARITAT-EN-MARXA-IV-MILLA-SOLID\u00c0RIA-SEC\u00c0-DE-SANT-PERE-5-724x1024.png","type":"image\/png"}],"author":"admin","twitter_card":"summary_large_image","twitter_misc":{"Escrito por":"admin","Tiempo de lectura":"1 minuto"},"schema":{"@context":"https:\/\/schema.org","@graph":[{"@type":"WebPage","@id":"https:\/\/downlleida.com\/es\/exito-de-participacion-en-la-iv-milla-solidaria-seca-de-sant-pere\/","url":"https:\/\/downlleida.com\/es\/exito-de-participacion-en-la-iv-milla-solidaria-seca-de-sant-pere\/","name":"\u00c9xito de participaci\u00f3n en la IV Milla Solidaria Sec\u00e0 de Sant Pere - Down Lleida","isPartOf":{"@id":"https:\/\/downlleida.com\/#website"},"datePublished":"2020-06-21T23:24:17+00:00","dateModified":"2020-06-21T23:20:31+00:00","author":{"@id":"https:\/\/downlleida.com\/#\/schema\/person\/56bbfe35feca4cae2d5a6366c0e76f42"},"breadcrumb":{"@id":"https:\/\/downlleida.com\/es\/exito-de-participacion-en-la-iv-milla-solidaria-seca-de-sant-pere\/#breadcrumb"},"inLanguage":"es","potentialAction":[{"@type":"ReadAction","target":["https:\/\/downlleida.com\/es\/exito-de-participacion-en-la-iv-milla-solidaria-seca-de-sant-pere\/"]}]},{"@type":"BreadcrumbList","@id":"https:\/\/downlleida.com\/es\/exito-de-participacion-en-la-iv-milla-solidaria-seca-de-sant-pere\/#breadcrumb","itemListElement":[{"@type":"ListItem","position":1,"name":"Portada","item":"https:\/\/downlleida.com\/es\/inicio\/"},{"@type":"ListItem","position":2,"name":"\u00c9xito de participaci\u00f3n en la IV Milla Solidaria Sec\u00e0 de Sant Pere"}]},{"@type":"WebSite","@id":"https:\/\/downlleida.com\/#website","url":"https:\/\/downlleida.com\/","name":"Down Lleida","description":"Associaci\u00f3 Lleidatana per a la S\u00edndrome de Down","potentialAction":[{"@type":"SearchAction","target":{"@type":"EntryPoint","urlTemplate":"https:\/\/downlleida.com\/?s={search_term_string}"},"query-input":"required name=search_term_string"}],"inLanguage":"es"},{"@type":"Person","@id":"https:\/\/downlleida.com\/#\/schema\/person\/56bbfe35feca4cae2d5a6366c0e76f42","name":"admin","image":{"@type":"ImageObject","inLanguage":"es","@id":"https:\/\/downlleida.com\/#\/schema\/person\/image\/","url":"https:\/\/secure.gravatar.com\/avatar\/3d8771e958295f415804336505f0c6faebfe16c066754f8f90e0b5a1023ffc77?s=96&d=mm&r=g","contentUrl":"https:\/\/secure.gravatar.com\/avatar\/3d8771e958295f415804336505f0c6faebfe16c066754f8f90e0b5a1023ffc77?s=96&d=mm&r=g","caption":"admin"},"sameAs":["https:\/\/downlleida.com"],"url":"https:\/\/downlleida.com\/es\/author\/down_5gorj32b\/"}]}},"_links":{"self":[{"href":"https:\/\/downlleida.com\/es\/wp-json\/wp\/v2\/posts\/3786","targetHints":{"allow":["GET"]}}],"collection":[{"href":"https:\/\/downlleida.com\/es\/wp-json\/wp\/v2\/posts"}],"about":[{"href":"https:\/\/downlleida.com\/es\/wp-json\/wp\/v2\/types\/post"}],"author":[{"embeddable":true,"href":"https:\/\/downlleida.com\/es\/wp-json\/wp\/v2\/users\/1"}],"replies":[{"embeddable":true,"href":"https:\/\/downlleida.com\/es\/wp-json\/wp\/v2\/comments?post=3786"}],"version-history":[{"count":0,"href":"https:\/\/downlleida.com\/es\/wp-json\/wp\/v2\/posts\/3786\/revisions"}],"wp:featuredmedia":[{"embeddable":true,"href":"https:\/\/downlleida.com\/es\/wp-json\/wp\/v2\/media\/3789"}],"wp:attachment":[{"href":"https:\/\/downlleida.com\/es\/wp-json\/wp\/v2\/media?parent=3786"}],"wp:term":[{"taxonomy":"category","embeddable":true,"href":"https:\/\/downlleida.com\/es\/wp-json\/wp\/v2\/categories?post=3786"},{"taxonomy":"post_tag","embeddable":true,"href":"https:\/\/downlleida.com\/es\/wp-json\/wp\/v2\/tags?post=3786"}],"curies":[{"name":"wp","href":"https:\/\/api.w.org\/{rel}","templated":true}]}}