{"id":3810,"date":"2020-04-07T11:47:00","date_gmt":"2020-04-07T10:47:00","guid":{"rendered":"http:\/\/downlleida.org\/?p=5222"},"modified":"2020-04-07T11:47:00","modified_gmt":"2020-04-07T10:47:00","slug":"el-coronavirus-no-detiene-el-trabajo-por-la-inclusion-de-down-lleida","status":"publish","type":"post","link":"https:\/\/downlleida.com\/es\/el-coronavirus-no-detiene-el-trabajo-por-la-inclusion-de-down-lleida\/","title":{"rendered":"El coronavirus no detiene el trabajo por la inclusi\u00f3n de DOWN LLEIDA"},"content":{"rendered":"\n<ul class=\"wp-block-list\"><li><strong>Las actividades que desarrolla DOWN LLEIDA siguen activas, a pesar de la crisis del coronavirus<\/strong><\/li><li><strong>La atenci\u00f3n y las actividades se han adaptado al teletrabajo y al uso de nuevas tecnolog\u00edas para seguir garantizando una verdadera inclusi\u00f3n de las personas con s\u00edndrome de Down y\/o discapacidad intelectual<\/strong><\/li><\/ul>\n\n\n\n<p><strong>Lleida, 6 de abril de 2020.-<\/strong> Muchas de las actividades que desarrolla DOWN LLEIDA siguen activas, aunque se han tenido que adaptar los formatos. Las clases y reuniones presenciales se han visto sustituidas por encuentros virtuales, las salidas y actividades de ocio han sido reemplazadas por conversaciones grupales con el m\u00f3vil o la webcam, las actividades deportivas para sesiones de entrenamiento en casa mediante videoconferencia y las tareas del d\u00eda a d\u00eda han sido sustituidas por el teletrabajo.<\/p>\n\n\n\n<p>El primer reto para la entidad ha sido garantizar que la mayor\u00eda de personas con s\u00edndrome de Down y discapacidad intelectual tuvieran acceso a los recursos virtuales que se han propuesto. En palabras de la presidenta de la entidad, Olga Par\u00e9s, \u00abno pod\u00edamos permitir que la diferencia social se hiciera m\u00e1s grande en una situaci\u00f3n como \u00e9sta\u00bb, y por este motivo se dedicaron primero todos los esfuerzos a contactar una por una con todas las personas de la entidad e ir comprobando c\u00f3mo pod\u00edan individualizar los soportes con cada uno en la nueva situaci\u00f3n.<\/p>\n\n\n\n<p>Es muy importante tambi\u00e9n destacar la labor que est\u00e1 haciendo el equipo psicol\u00f3gico de la entidad, para ayudar a que las personas con discapacidad puedan tener mecanismos de adaptaci\u00f3n a la situaci\u00f3n de confinamiento y para hacer frente a posibles miedos, dudas, incertidumbres , etc.<\/p>\n\n\n\n<p>Poco a poco las personas con discapacidad y el equipo t\u00e9cnico se han ido adecuando a la nueva situaci\u00f3n. Ya se hizo una celebraci\u00f3n virtual del D\u00eda Mundial de las Personas con s\u00edndrome de Down, el pasado 21 de marzo, y ahora preparan tambi\u00e9n una celebraci\u00f3n en este formato para su 25 aniversario.<\/p>\n\n\n\n<p>En estos momentos es muy importante que la sociedad siga apoyando este colectivo, y que una vez pase la crisis del coronavirus sigamos reivindicando una sociedad inclusiva y con oportunidades para todas las personas.<\/p>\n\n\n\n<ul class=\"wp-block-gallery columns-3 is-cropped wp-block-gallery-1 is-layout-flex wp-block-gallery-is-layout-flex\"><li class=\"blocks-gallery-item\"><figure><a href=\"http:\/\/downlleida.org\/wp-content\/uploads\/2020\/04\/WhatsApp-Image-2020-03-26-at-11.22.59-1024x768.jpeg\"><img decoding=\"async\" src=\"data:image\/gif;base64,R0lGODlhAQABAAAAACH5BAEKAAEALAAAAAABAAEAAAICTAEAOw==\" data-orig-src=\"http:\/\/downlleida.org\/wp-content\/uploads\/2020\/04\/WhatsApp-Image-2020-03-26-at-11.22.59-1024x768.jpeg\" alt=\"\" data-id=\"5213\" data-link=\"http:\/\/downlleida.org\/?attachment_id=5213\" class=\"lazyload wp-image-5213\"\/><\/a><\/figure><\/li><li class=\"blocks-gallery-item\"><figure><a href=\"http:\/\/downlleida.org\/wp-content\/uploads\/2020\/04\/WhatsApp-Image-2020-04-06-at-13.20.43-1024x1024.jpeg\"><img decoding=\"async\" src=\"data:image\/gif;base64,R0lGODlhAQABAAAAACH5BAEKAAEALAAAAAABAAEAAAICTAEAOw==\" data-orig-src=\"http:\/\/downlleida.org\/wp-content\/uploads\/2020\/04\/WhatsApp-Image-2020-04-06-at-13.20.43-1024x1024.jpeg\" alt=\"\" data-id=\"5215\" data-link=\"http:\/\/downlleida.org\/?attachment_id=5215\" class=\"lazyload wp-image-5215\"\/><\/a><\/figure><\/li><li class=\"blocks-gallery-item\"><figure><a href=\"http:\/\/downlleida.org\/wp-content\/uploads\/2020\/04\/WhatsApp-Image-2020-04-06-at-17.00.34-1024x576.jpeg\"><img decoding=\"async\" src=\"data:image\/gif;base64,R0lGODlhAQABAAAAACH5BAEKAAEALAAAAAABAAEAAAICTAEAOw==\" data-orig-src=\"http:\/\/downlleida.org\/wp-content\/uploads\/2020\/04\/WhatsApp-Image-2020-04-06-at-17.00.34-1024x576.jpeg\" alt=\"\" data-id=\"5217\" data-link=\"http:\/\/downlleida.org\/?attachment_id=5217\" class=\"lazyload wp-image-5217\"\/><\/a><\/figure><\/li><\/ul>\n","protected":false},"excerpt":{"rendered":"<p>Las actividades que desarrolla DOWN LLEIDA siguen activas, a pesar [&hellip;]<\/p>\n","protected":false},"author":1,"featured_media":0,"comment_status":"open","ping_status":"open","sticky":false,"template":"","format":"standard","meta":{"footnotes":""},"categories":[18],"tags":[],"class_list":["post-3810","post","type-post","status-publish","format-standard","hentry","category-sin-categorizar"],"yoast_head":"<!-- This site is optimized with the Yoast SEO plugin v20.0 - https:\/\/yoast.com\/wordpress\/plugins\/seo\/ -->\n<title>El coronavirus no detiene el trabajo por la inclusi\u00f3n de DOWN LLEIDA - Down Lleida<\/title>\n<meta name=\"robots\" content=\"index, follow, max-snippet:-1, max-image-preview:large, max-video-preview:-1\" \/>\n<link rel=\"canonical\" href=\"https:\/\/downlleida.com\/es\/el-coronavirus-no-detiene-el-trabajo-por-la-inclusion-de-down-lleida\/\" \/>\n<meta property=\"og:locale\" content=\"es_ES\" \/>\n<meta property=\"og:type\" content=\"article\" \/>\n<meta property=\"og:title\" content=\"El coronavirus no detiene el trabajo por la inclusi\u00f3n de DOWN LLEIDA - Down Lleida\" \/>\n<meta property=\"og:description\" content=\"Las actividades que desarrolla DOWN LLEIDA siguen activas, a pesar [&hellip;]\" \/>\n<meta property=\"og:url\" content=\"https:\/\/downlleida.com\/es\/el-coronavirus-no-detiene-el-trabajo-por-la-inclusion-de-down-lleida\/\" \/>\n<meta property=\"og:site_name\" content=\"Down Lleida\" \/>\n<meta property=\"article:published_time\" content=\"2020-04-07T10:47:00+00:00\" \/>\n<meta property=\"og:image\" content=\"http:\/\/downlleida.org\/wp-content\/uploads\/2020\/04\/WhatsApp-Image-2020-03-26-at-11.22.59-1024x768.jpeg\" \/>\n<meta name=\"author\" content=\"admin\" \/>\n<meta name=\"twitter:card\" content=\"summary_large_image\" \/>\n<meta name=\"twitter:label1\" content=\"Escrito por\" \/>\n\t<meta name=\"twitter:data1\" content=\"admin\" \/>\n\t<meta name=\"twitter:label2\" content=\"Tiempo de lectura\" \/>\n\t<meta name=\"twitter:data2\" content=\"2 minutos\" \/>\n<script type=\"application\/ld+json\" class=\"yoast-schema-graph\">{\"@context\":\"https:\/\/schema.org\",\"@graph\":[{\"@type\":\"WebPage\",\"@id\":\"https:\/\/downlleida.com\/es\/el-coronavirus-no-detiene-el-trabajo-por-la-inclusion-de-down-lleida\/\",\"url\":\"https:\/\/downlleida.com\/es\/el-coronavirus-no-detiene-el-trabajo-por-la-inclusion-de-down-lleida\/\",\"name\":\"El coronavirus no detiene el trabajo por la inclusi\u00f3n de DOWN LLEIDA - Down Lleida\",\"isPartOf\":{\"@id\":\"https:\/\/downlleida.com\/#website\"},\"datePublished\":\"2020-04-07T10:47:00+00:00\",\"dateModified\":\"2020-04-07T10:47:00+00:00\",\"author\":{\"@id\":\"https:\/\/downlleida.com\/#\/schema\/person\/3b3b0219b9cb5e9febd42bde671c4eba\"},\"breadcrumb\":{\"@id\":\"https:\/\/downlleida.com\/es\/el-coronavirus-no-detiene-el-trabajo-por-la-inclusion-de-down-lleida\/#breadcrumb\"},\"inLanguage\":\"es\",\"potentialAction\":[{\"@type\":\"ReadAction\",\"target\":[\"https:\/\/downlleida.com\/es\/el-coronavirus-no-detiene-el-trabajo-por-la-inclusion-de-down-lleida\/\"]}]},{\"@type\":\"BreadcrumbList\",\"@id\":\"https:\/\/downlleida.com\/es\/el-coronavirus-no-detiene-el-trabajo-por-la-inclusion-de-down-lleida\/#breadcrumb\",\"itemListElement\":[{\"@type\":\"ListItem\",\"position\":1,\"name\":\"Portada\",\"item\":\"https:\/\/downlleida.com\/es\/inicio\/\"},{\"@type\":\"ListItem\",\"position\":2,\"name\":\"El coronavirus no detiene el trabajo por la inclusi\u00f3n de DOWN LLEIDA\"}]},{\"@type\":\"WebSite\",\"@id\":\"https:\/\/downlleida.com\/#website\",\"url\":\"https:\/\/downlleida.com\/\",\"name\":\"Down Lleida\",\"description\":\"Associaci\u00f3 Lleidatana per a la S\u00edndrome de Down\",\"potentialAction\":[{\"@type\":\"SearchAction\",\"target\":{\"@type\":\"EntryPoint\",\"urlTemplate\":\"https:\/\/downlleida.com\/?s={search_term_string}\"},\"query-input\":\"required name=search_term_string\"}],\"inLanguage\":\"es\"},{\"@type\":\"Person\",\"@id\":\"https:\/\/downlleida.com\/#\/schema\/person\/3b3b0219b9cb5e9febd42bde671c4eba\",\"name\":\"admin\",\"image\":{\"@type\":\"ImageObject\",\"inLanguage\":\"es\",\"@id\":\"https:\/\/downlleida.com\/#\/schema\/person\/image\/\",\"url\":\"https:\/\/secure.gravatar.com\/avatar\/3d8771e958295f415804336505f0c6faebfe16c066754f8f90e0b5a1023ffc77?s=96&d=mm&r=g\",\"contentUrl\":\"https:\/\/secure.gravatar.com\/avatar\/3d8771e958295f415804336505f0c6faebfe16c066754f8f90e0b5a1023ffc77?s=96&d=mm&r=g\",\"caption\":\"admin\"},\"sameAs\":[\"https:\/\/downlleida.com\"],\"url\":\"https:\/\/downlleida.com\/es\/author\/down_5gorj32b\/\"}]}<\/script>\n<!-- \/ Yoast SEO plugin. -->","yoast_head_json":{"title":"El coronavirus no detiene el trabajo por la inclusi\u00f3n de DOWN LLEIDA - Down Lleida","robots":{"index":"index","follow":"follow","max-snippet":"max-snippet:-1","max-image-preview":"max-image-preview:large","max-video-preview":"max-video-preview:-1"},"canonical":"https:\/\/downlleida.com\/es\/el-coronavirus-no-detiene-el-trabajo-por-la-inclusion-de-down-lleida\/","og_locale":"es_ES","og_type":"article","og_title":"El coronavirus no detiene el trabajo por la inclusi\u00f3n de DOWN LLEIDA - Down Lleida","og_description":"Las actividades que desarrolla DOWN LLEIDA siguen activas, a pesar [&hellip;]","og_url":"https:\/\/downlleida.com\/es\/el-coronavirus-no-detiene-el-trabajo-por-la-inclusion-de-down-lleida\/","og_site_name":"Down Lleida","article_published_time":"2020-04-07T10:47:00+00:00","og_image":[{"url":"http:\/\/downlleida.org\/wp-content\/uploads\/2020\/04\/WhatsApp-Image-2020-03-26-at-11.22.59-1024x768.jpeg"}],"author":"admin","twitter_card":"summary_large_image","twitter_misc":{"Escrito por":"admin","Tiempo de lectura":"2 minutos"},"schema":{"@context":"https:\/\/schema.org","@graph":[{"@type":"WebPage","@id":"https:\/\/downlleida.com\/es\/el-coronavirus-no-detiene-el-trabajo-por-la-inclusion-de-down-lleida\/","url":"https:\/\/downlleida.com\/es\/el-coronavirus-no-detiene-el-trabajo-por-la-inclusion-de-down-lleida\/","name":"El coronavirus no detiene el trabajo por la inclusi\u00f3n de DOWN LLEIDA - Down Lleida","isPartOf":{"@id":"https:\/\/downlleida.com\/#website"},"datePublished":"2020-04-07T10:47:00+00:00","dateModified":"2020-04-07T10:47:00+00:00","author":{"@id":"https:\/\/downlleida.com\/#\/schema\/person\/3b3b0219b9cb5e9febd42bde671c4eba"},"breadcrumb":{"@id":"https:\/\/downlleida.com\/es\/el-coronavirus-no-detiene-el-trabajo-por-la-inclusion-de-down-lleida\/#breadcrumb"},"inLanguage":"es","potentialAction":[{"@type":"ReadAction","target":["https:\/\/downlleida.com\/es\/el-coronavirus-no-detiene-el-trabajo-por-la-inclusion-de-down-lleida\/"]}]},{"@type":"BreadcrumbList","@id":"https:\/\/downlleida.com\/es\/el-coronavirus-no-detiene-el-trabajo-por-la-inclusion-de-down-lleida\/#breadcrumb","itemListElement":[{"@type":"ListItem","position":1,"name":"Portada","item":"https:\/\/downlleida.com\/es\/inicio\/"},{"@type":"ListItem","position":2,"name":"El coronavirus no detiene el trabajo por la inclusi\u00f3n de DOWN LLEIDA"}]},{"@type":"WebSite","@id":"https:\/\/downlleida.com\/#website","url":"https:\/\/downlleida.com\/","name":"Down Lleida","description":"Associaci\u00f3 Lleidatana per a la S\u00edndrome de Down","potentialAction":[{"@type":"SearchAction","target":{"@type":"EntryPoint","urlTemplate":"https:\/\/downlleida.com\/?s={search_term_string}"},"query-input":"required name=search_term_string"}],"inLanguage":"es"},{"@type":"Person","@id":"https:\/\/downlleida.com\/#\/schema\/person\/3b3b0219b9cb5e9febd42bde671c4eba","name":"admin","image":{"@type":"ImageObject","inLanguage":"es","@id":"https:\/\/downlleida.com\/#\/schema\/person\/image\/","url":"https:\/\/secure.gravatar.com\/avatar\/3d8771e958295f415804336505f0c6faebfe16c066754f8f90e0b5a1023ffc77?s=96&d=mm&r=g","contentUrl":"https:\/\/secure.gravatar.com\/avatar\/3d8771e958295f415804336505f0c6faebfe16c066754f8f90e0b5a1023ffc77?s=96&d=mm&r=g","caption":"admin"},"sameAs":["https:\/\/downlleida.com"],"url":"https:\/\/downlleida.com\/es\/author\/down_5gorj32b\/"}]}},"_links":{"self":[{"href":"https:\/\/downlleida.com\/es\/wp-json\/wp\/v2\/posts\/3810","targetHints":{"allow":["GET"]}}],"collection":[{"href":"https:\/\/downlleida.com\/es\/wp-json\/wp\/v2\/posts"}],"about":[{"href":"https:\/\/downlleida.com\/es\/wp-json\/wp\/v2\/types\/post"}],"author":[{"embeddable":true,"href":"https:\/\/downlleida.com\/es\/wp-json\/wp\/v2\/users\/1"}],"replies":[{"embeddable":true,"href":"https:\/\/downlleida.com\/es\/wp-json\/wp\/v2\/comments?post=3810"}],"version-history":[{"count":0,"href":"https:\/\/downlleida.com\/es\/wp-json\/wp\/v2\/posts\/3810\/revisions"}],"wp:attachment":[{"href":"https:\/\/downlleida.com\/es\/wp-json\/wp\/v2\/media?parent=3810"}],"wp:term":[{"taxonomy":"category","embeddable":true,"href":"https:\/\/downlleida.com\/es\/wp-json\/wp\/v2\/categories?post=3810"},{"taxonomy":"post_tag","embeddable":true,"href":"https:\/\/downlleida.com\/es\/wp-json\/wp\/v2\/tags?post=3810"}],"curies":[{"name":"wp","href":"https:\/\/api.w.org\/{rel}","templated":true}]}}