{"id":3817,"date":"2020-03-04T15:13:41","date_gmt":"2020-03-04T14:13:41","guid":{"rendered":"http:\/\/downlleida.org\/?p=5148"},"modified":"2020-03-04T15:13:41","modified_gmt":"2020-03-04T14:13:41","slug":"vii-jornada-cambia-tu-mirada","status":"publish","type":"post","link":"https:\/\/downlleida.com\/es\/vii-jornada-cambia-tu-mirada\/","title":{"rendered":"VII Jornada \u00bbCambia Tu Mirada\u00bb"},"content":{"rendered":"\n<p>El s\u00e1bado 21 de marzo se llevar\u00e1 a cabo la <strong>VII Jornada CAMBIA TU MIRADA<\/strong> en Lleida. Una jornada abierta para todo el mundo y con actividades para peque\u00f1os y grandes.<br>El objetivo principal es dar a conocer y sensibilizar a la poblaci\u00f3n sobre las capacidades de estas personas. Adem\u00e1s, tambi\u00e9n se busca que todo el mundo conozca de cerca a las personas con s\u00edndrome de Down. Finalmente, tiene el prop\u00f3sito de captar fondos para poder dar continuidad a los proyectos que desarrollamos actualmente. Estos proyectos buscan la mejora de la calidad de vida de las personas con s\u00edndrome de Down y promueven la igualdad de oportunidades en el \u00e1mbito educativo, laboral, formativo, vida independiente, ocio y voluntariado.<\/p>\n\n\n\n<p>Programaci\u00f3n de la&nbsp;<strong>Jornada \u201cCambia Tu Mirada.\u201d<\/strong>&nbsp;21 de marzo&nbsp;\u2013 Plaza de Sant Francesc, Lleida. Actividades para grandes y peque\u00f1os.<\/p>\n\n\n\n<div class=\"wp-block-image\"><figure class=\"aligncenter is-resized\"><a href=\"http:\/\/downlleida.org\/wp-content\/uploads\/2020\/03\/Cartell-Canvia-la-teva-mirada-2020-ok-1.jpg\"><img decoding=\"async\" src=\"data:image\/svg+xml,%3Csvg%20xmlns%3D%27http%3A%2F%2Fwww.w3.org%2F2000%2Fsvg%27%20width%3D%27480%27%20height%3D%27679%27%20viewBox%3D%270%200%20480%20679%27%3E%3Crect%20width%3D%27480%27%20height%3D%27679%27%20fill-opacity%3D%220%22%2F%3E%3C%2Fsvg%3E\" data-orig-src=\"http:\/\/downlleida.org\/wp-content\/uploads\/2020\/03\/Cartell-Canvia-la-teva-mirada-2020-ok-1-724x1024.jpg\" alt=\"\" class=\"lazyload wp-image-5151\" width=\"480\" height=\"679\"\/><\/a><\/figure><\/div>\n\n\n\n<ul class=\"wp-block-gallery columns-4 is-cropped wp-block-gallery-1 is-layout-flex wp-block-gallery-is-layout-flex\"><li class=\"blocks-gallery-item\"><figure><a href=\"http:\/\/downlleida.org\/wp-content\/uploads\/2020\/03\/CAPTACIO20_LOBIEL-724x1024.jpg\"><img decoding=\"async\" src=\"data:image\/gif;base64,R0lGODlhAQABAAAAACH5BAEKAAEALAAAAAABAAEAAAICTAEAOw==\" data-orig-src=\"http:\/\/downlleida.org\/wp-content\/uploads\/2020\/03\/CAPTACIO20_LOBIEL-724x1024.jpg\" alt=\"\" data-id=\"5163\" data-link=\"http:\/\/downlleida.org\/captacio20_lobiel\/\" class=\"lazyload wp-image-5163\"\/><\/a><\/figure><\/li><li class=\"blocks-gallery-item\"><figure><a href=\"http:\/\/downlleida.org\/wp-content\/uploads\/2020\/03\/CAPTACIO20_BATUKADA-1-724x1024.jpg\"><img decoding=\"async\" src=\"data:image\/gif;base64,R0lGODlhAQABAAAAACH5BAEKAAEALAAAAAABAAEAAAICTAEAOw==\" data-orig-src=\"http:\/\/downlleida.org\/wp-content\/uploads\/2020\/03\/CAPTACIO20_BATUKADA-1-724x1024.jpg\" alt=\"\" data-id=\"5179\" data-link=\"http:\/\/downlleida.org\/vii-jornada-cambia-tu-mirada\/captacio20_batukada-2\/\" class=\"lazyload wp-image-5179\"\/><\/a><\/figure><\/li><li class=\"blocks-gallery-item\"><figure><a href=\"http:\/\/downlleida.org\/wp-content\/uploads\/2020\/03\/CAPTACIO20_CORGOSPEL-724x1024.jpg\"><img decoding=\"async\" src=\"data:image\/gif;base64,R0lGODlhAQABAAAAACH5BAEKAAEALAAAAAABAAEAAAICTAEAOw==\" data-orig-src=\"http:\/\/downlleida.org\/wp-content\/uploads\/2020\/03\/CAPTACIO20_CORGOSPEL-724x1024.jpg\" alt=\"\" data-id=\"5157\" data-link=\"http:\/\/downlleida.org\/captacio20_corgospel\/\" class=\"lazyload wp-image-5157\"\/><\/a><\/figure><\/li><li class=\"blocks-gallery-item\"><figure><a href=\"http:\/\/downlleida.org\/wp-content\/uploads\/2020\/03\/CAPTACIO20_PINTACARES-724x1024.jpg\"><img decoding=\"async\" src=\"data:image\/gif;base64,R0lGODlhAQABAAAAACH5BAEKAAEALAAAAAABAAEAAAICTAEAOw==\" data-orig-src=\"http:\/\/downlleida.org\/wp-content\/uploads\/2020\/03\/CAPTACIO20_PINTACARES-724x1024.jpg\" alt=\"\" data-id=\"5167\" data-link=\"http:\/\/downlleida.org\/captacio20_pintacares\/\" class=\"lazyload wp-image-5167\"\/><\/a><\/figure><\/li><li class=\"blocks-gallery-item\"><figure><a href=\"http:\/\/downlleida.org\/wp-content\/uploads\/2020\/03\/CAPTACIO20_SHAQUA-724x1024.jpg\"><img decoding=\"async\" src=\"data:image\/gif;base64,R0lGODlhAQABAAAAACH5BAEKAAEALAAAAAABAAEAAAICTAEAOw==\" data-orig-src=\"http:\/\/downlleida.org\/wp-content\/uploads\/2020\/03\/CAPTACIO20_SHAQUA-724x1024.jpg\" alt=\"\" data-id=\"5169\" data-link=\"http:\/\/downlleida.org\/captacio20_shaqua\/\" class=\"lazyload wp-image-5169\"\/><\/a><\/figure><\/li><li class=\"blocks-gallery-item\"><figure><a href=\"http:\/\/downlleida.org\/wp-content\/uploads\/2020\/03\/CAPTACIO20_LLEIDES-724x1024.jpg\"><img decoding=\"async\" src=\"data:image\/gif;base64,R0lGODlhAQABAAAAACH5BAEKAAEALAAAAAABAAEAAAICTAEAOw==\" data-orig-src=\"http:\/\/downlleida.org\/wp-content\/uploads\/2020\/03\/CAPTACIO20_LLEIDES-724x1024.jpg\" alt=\"\" data-id=\"5161\" data-link=\"http:\/\/downlleida.org\/captacio20_lleides\/\" class=\"lazyload wp-image-5161\"\/><\/a><\/figure><\/li><li class=\"blocks-gallery-item\"><figure><a href=\"http:\/\/downlleida.org\/wp-content\/uploads\/2020\/03\/CAPTACIO20_XOCOLATADA-724x1024.jpg\"><img decoding=\"async\" src=\"data:image\/gif;base64,R0lGODlhAQABAAAAACH5BAEKAAEALAAAAAABAAEAAAICTAEAOw==\" data-orig-src=\"http:\/\/downlleida.org\/wp-content\/uploads\/2020\/03\/CAPTACIO20_XOCOLATADA-724x1024.jpg\" alt=\"\" data-id=\"5171\" data-link=\"http:\/\/downlleida.org\/captacio20_xocolatada\/\" class=\"lazyload wp-image-5171\"\/><\/a><\/figure><\/li><li class=\"blocks-gallery-item\"><figure><a href=\"http:\/\/downlleida.org\/wp-content\/uploads\/2020\/03\/CAPTACIO20_MYB-724x1024.jpg\"><img decoding=\"async\" src=\"data:image\/gif;base64,R0lGODlhAQABAAAAACH5BAEKAAEALAAAAAABAAEAAAICTAEAOw==\" data-orig-src=\"http:\/\/downlleida.org\/wp-content\/uploads\/2020\/03\/CAPTACIO20_MYB-724x1024.jpg\" alt=\"\" data-id=\"5165\" data-link=\"http:\/\/downlleida.org\/captacio20_myb\/\" class=\"lazyload wp-image-5165\"\/><\/a><\/figure><\/li><\/ul>\n","protected":false},"excerpt":{"rendered":"<p>El s\u00e1bado 21 de marzo se llevar\u00e1 a cabo la [&hellip;]<\/p>\n","protected":false},"author":1,"featured_media":3820,"comment_status":"open","ping_status":"open","sticky":false,"template":"","format":"standard","meta":{"footnotes":""},"categories":[18],"tags":[],"class_list":["post-3817","post","type-post","status-publish","format-standard","has-post-thumbnail","hentry","category-sin-categorizar"],"yoast_head":"<!-- This site is optimized with the Yoast SEO plugin v20.0 - https:\/\/yoast.com\/wordpress\/plugins\/seo\/ -->\n<title>VII Jornada &#039;&#039;Cambia Tu Mirada&#039;&#039; - Down Lleida<\/title>\n<meta name=\"robots\" content=\"index, follow, max-snippet:-1, max-image-preview:large, max-video-preview:-1\" \/>\n<link rel=\"canonical\" href=\"https:\/\/downlleida.com\/es\/vii-jornada-cambia-tu-mirada\/\" \/>\n<meta property=\"og:locale\" content=\"es_ES\" \/>\n<meta property=\"og:type\" content=\"article\" \/>\n<meta property=\"og:title\" content=\"VII Jornada &#039;&#039;Cambia Tu Mirada&#039;&#039; - Down Lleida\" \/>\n<meta property=\"og:description\" content=\"El s\u00e1bado 21 de marzo se llevar\u00e1 a cabo la [&hellip;]\" \/>\n<meta property=\"og:url\" content=\"https:\/\/downlleida.com\/es\/vii-jornada-cambia-tu-mirada\/\" \/>\n<meta property=\"og:site_name\" content=\"Down Lleida\" \/>\n<meta property=\"article:published_time\" content=\"2020-03-04T14:13:41+00:00\" \/>\n<meta property=\"og:image\" content=\"https:\/\/downlleida.com\/wp-content\/uploads\/2020\/03\/Cartell-Canvia-la-teva-mirada-2020-ok-1-scaled.jpg\" \/>\n\t<meta property=\"og:image:width\" content=\"1810\" \/>\n\t<meta property=\"og:image:height\" content=\"2560\" \/>\n\t<meta property=\"og:image:type\" content=\"image\/jpeg\" \/>\n<meta name=\"author\" content=\"admin\" \/>\n<meta name=\"twitter:card\" content=\"summary_large_image\" \/>\n<meta name=\"twitter:label1\" content=\"Escrito por\" \/>\n\t<meta name=\"twitter:data1\" content=\"admin\" \/>\n\t<meta name=\"twitter:label2\" content=\"Tiempo de lectura\" \/>\n\t<meta name=\"twitter:data2\" content=\"1 minuto\" \/>\n<script type=\"application\/ld+json\" class=\"yoast-schema-graph\">{\"@context\":\"https:\/\/schema.org\",\"@graph\":[{\"@type\":\"WebPage\",\"@id\":\"https:\/\/downlleida.com\/es\/vii-jornada-cambia-tu-mirada\/\",\"url\":\"https:\/\/downlleida.com\/es\/vii-jornada-cambia-tu-mirada\/\",\"name\":\"VII Jornada ''Cambia Tu Mirada'' - Down Lleida\",\"isPartOf\":{\"@id\":\"https:\/\/downlleida.com\/#website\"},\"datePublished\":\"2020-03-04T14:13:41+00:00\",\"dateModified\":\"2020-03-04T14:13:41+00:00\",\"author\":{\"@id\":\"https:\/\/downlleida.com\/#\/schema\/person\/56bbfe35feca4cae2d5a6366c0e76f42\"},\"breadcrumb\":{\"@id\":\"https:\/\/downlleida.com\/es\/vii-jornada-cambia-tu-mirada\/#breadcrumb\"},\"inLanguage\":\"es\",\"potentialAction\":[{\"@type\":\"ReadAction\",\"target\":[\"https:\/\/downlleida.com\/es\/vii-jornada-cambia-tu-mirada\/\"]}]},{\"@type\":\"BreadcrumbList\",\"@id\":\"https:\/\/downlleida.com\/es\/vii-jornada-cambia-tu-mirada\/#breadcrumb\",\"itemListElement\":[{\"@type\":\"ListItem\",\"position\":1,\"name\":\"Portada\",\"item\":\"https:\/\/downlleida.com\/es\/inicio\/\"},{\"@type\":\"ListItem\",\"position\":2,\"name\":\"VII Jornada &#8221;Cambia Tu Mirada&#8221;\"}]},{\"@type\":\"WebSite\",\"@id\":\"https:\/\/downlleida.com\/#website\",\"url\":\"https:\/\/downlleida.com\/\",\"name\":\"Down Lleida\",\"description\":\"Associaci\u00f3 Lleidatana per a la S\u00edndrome de Down\",\"potentialAction\":[{\"@type\":\"SearchAction\",\"target\":{\"@type\":\"EntryPoint\",\"urlTemplate\":\"https:\/\/downlleida.com\/?s={search_term_string}\"},\"query-input\":\"required name=search_term_string\"}],\"inLanguage\":\"es\"},{\"@type\":\"Person\",\"@id\":\"https:\/\/downlleida.com\/#\/schema\/person\/56bbfe35feca4cae2d5a6366c0e76f42\",\"name\":\"admin\",\"image\":{\"@type\":\"ImageObject\",\"inLanguage\":\"es\",\"@id\":\"https:\/\/downlleida.com\/#\/schema\/person\/image\/\",\"url\":\"https:\/\/secure.gravatar.com\/avatar\/3d8771e958295f415804336505f0c6faebfe16c066754f8f90e0b5a1023ffc77?s=96&d=mm&r=g\",\"contentUrl\":\"https:\/\/secure.gravatar.com\/avatar\/3d8771e958295f415804336505f0c6faebfe16c066754f8f90e0b5a1023ffc77?s=96&d=mm&r=g\",\"caption\":\"admin\"},\"sameAs\":[\"https:\/\/downlleida.com\"],\"url\":\"https:\/\/downlleida.com\/es\/author\/down_5gorj32b\/\"}]}<\/script>\n<!-- \/ Yoast SEO plugin. -->","yoast_head_json":{"title":"VII Jornada ''Cambia Tu Mirada'' - Down Lleida","robots":{"index":"index","follow":"follow","max-snippet":"max-snippet:-1","max-image-preview":"max-image-preview:large","max-video-preview":"max-video-preview:-1"},"canonical":"https:\/\/downlleida.com\/es\/vii-jornada-cambia-tu-mirada\/","og_locale":"es_ES","og_type":"article","og_title":"VII Jornada ''Cambia Tu Mirada'' - Down Lleida","og_description":"El s\u00e1bado 21 de marzo se llevar\u00e1 a cabo la [&hellip;]","og_url":"https:\/\/downlleida.com\/es\/vii-jornada-cambia-tu-mirada\/","og_site_name":"Down Lleida","article_published_time":"2020-03-04T14:13:41+00:00","og_image":[{"width":1810,"height":2560,"url":"https:\/\/downlleida.com\/wp-content\/uploads\/2020\/03\/Cartell-Canvia-la-teva-mirada-2020-ok-1-scaled.jpg","type":"image\/jpeg"}],"author":"admin","twitter_card":"summary_large_image","twitter_misc":{"Escrito por":"admin","Tiempo de lectura":"1 minuto"},"schema":{"@context":"https:\/\/schema.org","@graph":[{"@type":"WebPage","@id":"https:\/\/downlleida.com\/es\/vii-jornada-cambia-tu-mirada\/","url":"https:\/\/downlleida.com\/es\/vii-jornada-cambia-tu-mirada\/","name":"VII Jornada ''Cambia Tu Mirada'' - Down Lleida","isPartOf":{"@id":"https:\/\/downlleida.com\/#website"},"datePublished":"2020-03-04T14:13:41+00:00","dateModified":"2020-03-04T14:13:41+00:00","author":{"@id":"https:\/\/downlleida.com\/#\/schema\/person\/56bbfe35feca4cae2d5a6366c0e76f42"},"breadcrumb":{"@id":"https:\/\/downlleida.com\/es\/vii-jornada-cambia-tu-mirada\/#breadcrumb"},"inLanguage":"es","potentialAction":[{"@type":"ReadAction","target":["https:\/\/downlleida.com\/es\/vii-jornada-cambia-tu-mirada\/"]}]},{"@type":"BreadcrumbList","@id":"https:\/\/downlleida.com\/es\/vii-jornada-cambia-tu-mirada\/#breadcrumb","itemListElement":[{"@type":"ListItem","position":1,"name":"Portada","item":"https:\/\/downlleida.com\/es\/inicio\/"},{"@type":"ListItem","position":2,"name":"VII Jornada &#8221;Cambia Tu Mirada&#8221;"}]},{"@type":"WebSite","@id":"https:\/\/downlleida.com\/#website","url":"https:\/\/downlleida.com\/","name":"Down Lleida","description":"Associaci\u00f3 Lleidatana per a la S\u00edndrome de Down","potentialAction":[{"@type":"SearchAction","target":{"@type":"EntryPoint","urlTemplate":"https:\/\/downlleida.com\/?s={search_term_string}"},"query-input":"required name=search_term_string"}],"inLanguage":"es"},{"@type":"Person","@id":"https:\/\/downlleida.com\/#\/schema\/person\/56bbfe35feca4cae2d5a6366c0e76f42","name":"admin","image":{"@type":"ImageObject","inLanguage":"es","@id":"https:\/\/downlleida.com\/#\/schema\/person\/image\/","url":"https:\/\/secure.gravatar.com\/avatar\/3d8771e958295f415804336505f0c6faebfe16c066754f8f90e0b5a1023ffc77?s=96&d=mm&r=g","contentUrl":"https:\/\/secure.gravatar.com\/avatar\/3d8771e958295f415804336505f0c6faebfe16c066754f8f90e0b5a1023ffc77?s=96&d=mm&r=g","caption":"admin"},"sameAs":["https:\/\/downlleida.com"],"url":"https:\/\/downlleida.com\/es\/author\/down_5gorj32b\/"}]}},"_links":{"self":[{"href":"https:\/\/downlleida.com\/es\/wp-json\/wp\/v2\/posts\/3817","targetHints":{"allow":["GET"]}}],"collection":[{"href":"https:\/\/downlleida.com\/es\/wp-json\/wp\/v2\/posts"}],"about":[{"href":"https:\/\/downlleida.com\/es\/wp-json\/wp\/v2\/types\/post"}],"author":[{"embeddable":true,"href":"https:\/\/downlleida.com\/es\/wp-json\/wp\/v2\/users\/1"}],"replies":[{"embeddable":true,"href":"https:\/\/downlleida.com\/es\/wp-json\/wp\/v2\/comments?post=3817"}],"version-history":[{"count":0,"href":"https:\/\/downlleida.com\/es\/wp-json\/wp\/v2\/posts\/3817\/revisions"}],"wp:featuredmedia":[{"embeddable":true,"href":"https:\/\/downlleida.com\/es\/wp-json\/wp\/v2\/media\/3820"}],"wp:attachment":[{"href":"https:\/\/downlleida.com\/es\/wp-json\/wp\/v2\/media?parent=3817"}],"wp:term":[{"taxonomy":"category","embeddable":true,"href":"https:\/\/downlleida.com\/es\/wp-json\/wp\/v2\/categories?post=3817"},{"taxonomy":"post_tag","embeddable":true,"href":"https:\/\/downlleida.com\/es\/wp-json\/wp\/v2\/tags?post=3817"}],"curies":[{"name":"wp","href":"https:\/\/api.w.org\/{rel}","templated":true}]}}