{"id":3841,"date":"2020-01-02T10:19:20","date_gmt":"2020-01-02T09:19:20","guid":{"rendered":"http:\/\/downlleida.org\/?p=4829"},"modified":"2020-01-02T10:19:20","modified_gmt":"2020-01-02T09:19:20","slug":"calendario-solidario-2020","status":"publish","type":"post","link":"https:\/\/downlleida.com\/es\/calendario-solidario-2020\/","title":{"rendered":"Calendario solidario 2020"},"content":{"rendered":"\n<p>Este a\u00f1o el calendario de DOWN LLEIDA ha contado, como siempre, con la colaboraci\u00f3n de distintos miembros de la entidad que se han fotografiado en un entorno incomparable: el de los campos en floraci\u00f3n de la localidad de Aitona y algunos lugares emblem\u00e1ticos del pueblo.<em> <\/em><\/p>\n\n\n\n<p>Queremos agradecer al equipo profesional de Turismo de Aitona su predisposici\u00f3n, y tambi\u00e9n el trabajo desinteresado que Juli\u00e1n Garcia, Reinald Pom\u00e9s i Hector Clivill\u00e9 realizan cada a\u00f1o, as\u00ed como el de la dise\u00f1adora Teresa Piqu\u00e9. <\/p>\n\n\n\n<p>Destacar la colaboraci\u00f3n de todas las empresas que son su aportaci\u00f3n hacen posible esta idea, que se inici\u00f3 hace ya 13 ediciones. <\/p>\n\n\n\n<figure class=\"wp-block-embed-vimeo wp-block-embed is-type-video is-provider-vimeo wp-embed-aspect-16-9 wp-has-aspect-ratio\"><div class=\"wp-block-embed__wrapper\">\n<div class=\"video-shortcode\"><iframe class=\"lazyload\" src=\"data:image\/svg+xml,%3Csvg%20xmlns%3D%27http%3A%2F%2Fwww.w3.org%2F2000%2Fsvg%27%20width%3D%271200%27%20height%3D%27675%27%20viewBox%3D%270%200%201200%20675%27%3E%3Crect%20width%3D%271200%27%20height%3D%27675%27%20fill-opacity%3D%220%22%2F%3E%3C%2Fsvg%3E\" data-orig-src=\"https:\/\/player.vimeo.com\/video\/376424808?dnt=1&amp;app_id=122963\" width=\"1200\" height=\"675\" frameborder=\"0\" allow=\"autoplay; fullscreen\" allowfullscreen title=\"Calendari Solidari Down Lleida 2020\"><\/iframe><\/div>\n<\/div><\/figure>\n","protected":false},"excerpt":{"rendered":"<p>Este a\u00f1o el calendario de DOWN LLEIDA ha contado, como [&hellip;]<\/p>\n","protected":false},"author":1,"featured_media":3842,"comment_status":"open","ping_status":"open","sticky":false,"template":"","format":"standard","meta":{"footnotes":""},"categories":[18],"tags":[29],"class_list":["post-3841","post","type-post","status-publish","format-standard","has-post-thumbnail","hentry","category-sin-categorizar","tag-calendario"],"yoast_head":"<!-- This site is optimized with the Yoast SEO plugin v20.0 - https:\/\/yoast.com\/wordpress\/plugins\/seo\/ -->\n<title>Calendario solidario 2020 - Down Lleida<\/title>\n<meta name=\"robots\" content=\"index, follow, max-snippet:-1, max-image-preview:large, max-video-preview:-1\" \/>\n<link rel=\"canonical\" href=\"https:\/\/downlleida.com\/es\/calendario-solidario-2020\/\" \/>\n<meta property=\"og:locale\" content=\"es_ES\" \/>\n<meta property=\"og:type\" content=\"article\" \/>\n<meta property=\"og:title\" content=\"Calendario solidario 2020 - Down Lleida\" \/>\n<meta property=\"og:description\" content=\"Este a\u00f1o el calendario de DOWN LLEIDA ha contado, como [&hellip;]\" \/>\n<meta property=\"og:url\" content=\"https:\/\/downlleida.com\/es\/calendario-solidario-2020\/\" \/>\n<meta property=\"og:site_name\" content=\"Down Lleida\" \/>\n<meta property=\"article:published_time\" content=\"2020-01-02T09:19:20+00:00\" \/>\n<meta property=\"og:image\" content=\"https:\/\/downlleida.com\/wp-content\/uploads\/2020\/01\/01.jpg.p.jpg\" \/>\n\t<meta property=\"og:image:width\" content=\"2135\" \/>\n\t<meta property=\"og:image:height\" content=\"1501\" \/>\n\t<meta property=\"og:image:type\" content=\"image\/jpeg\" \/>\n<meta name=\"author\" content=\"admin\" \/>\n<meta name=\"twitter:card\" content=\"summary_large_image\" \/>\n<meta name=\"twitter:label1\" content=\"Escrito por\" \/>\n\t<meta name=\"twitter:data1\" content=\"admin\" \/>\n\t<meta name=\"twitter:label2\" content=\"Tiempo de lectura\" \/>\n\t<meta name=\"twitter:data2\" content=\"1 minuto\" \/>\n<script type=\"application\/ld+json\" class=\"yoast-schema-graph\">{\"@context\":\"https:\/\/schema.org\",\"@graph\":[{\"@type\":\"WebPage\",\"@id\":\"https:\/\/downlleida.com\/es\/calendario-solidario-2020\/\",\"url\":\"https:\/\/downlleida.com\/es\/calendario-solidario-2020\/\",\"name\":\"Calendario solidario 2020 - Down Lleida\",\"isPartOf\":{\"@id\":\"https:\/\/downlleida.com\/#website\"},\"datePublished\":\"2020-01-02T09:19:20+00:00\",\"dateModified\":\"2020-01-02T09:19:20+00:00\",\"author\":{\"@id\":\"https:\/\/downlleida.com\/#\/schema\/person\/56bbfe35feca4cae2d5a6366c0e76f42\"},\"breadcrumb\":{\"@id\":\"https:\/\/downlleida.com\/es\/calendario-solidario-2020\/#breadcrumb\"},\"inLanguage\":\"es\",\"potentialAction\":[{\"@type\":\"ReadAction\",\"target\":[\"https:\/\/downlleida.com\/es\/calendario-solidario-2020\/\"]}]},{\"@type\":\"BreadcrumbList\",\"@id\":\"https:\/\/downlleida.com\/es\/calendario-solidario-2020\/#breadcrumb\",\"itemListElement\":[{\"@type\":\"ListItem\",\"position\":1,\"name\":\"Portada\",\"item\":\"https:\/\/downlleida.com\/es\/inicio\/\"},{\"@type\":\"ListItem\",\"position\":2,\"name\":\"Calendario solidario 2020\"}]},{\"@type\":\"WebSite\",\"@id\":\"https:\/\/downlleida.com\/#website\",\"url\":\"https:\/\/downlleida.com\/\",\"name\":\"Down Lleida\",\"description\":\"Associaci\u00f3 Lleidatana per a la S\u00edndrome de Down\",\"potentialAction\":[{\"@type\":\"SearchAction\",\"target\":{\"@type\":\"EntryPoint\",\"urlTemplate\":\"https:\/\/downlleida.com\/?s={search_term_string}\"},\"query-input\":\"required name=search_term_string\"}],\"inLanguage\":\"es\"},{\"@type\":\"Person\",\"@id\":\"https:\/\/downlleida.com\/#\/schema\/person\/56bbfe35feca4cae2d5a6366c0e76f42\",\"name\":\"admin\",\"image\":{\"@type\":\"ImageObject\",\"inLanguage\":\"es\",\"@id\":\"https:\/\/downlleida.com\/#\/schema\/person\/image\/\",\"url\":\"https:\/\/secure.gravatar.com\/avatar\/3d8771e958295f415804336505f0c6faebfe16c066754f8f90e0b5a1023ffc77?s=96&d=mm&r=g\",\"contentUrl\":\"https:\/\/secure.gravatar.com\/avatar\/3d8771e958295f415804336505f0c6faebfe16c066754f8f90e0b5a1023ffc77?s=96&d=mm&r=g\",\"caption\":\"admin\"},\"sameAs\":[\"https:\/\/downlleida.com\"],\"url\":\"https:\/\/downlleida.com\/es\/author\/down_5gorj32b\/\"}]}<\/script>\n<!-- \/ Yoast SEO plugin. -->","yoast_head_json":{"title":"Calendario solidario 2020 - Down Lleida","robots":{"index":"index","follow":"follow","max-snippet":"max-snippet:-1","max-image-preview":"max-image-preview:large","max-video-preview":"max-video-preview:-1"},"canonical":"https:\/\/downlleida.com\/es\/calendario-solidario-2020\/","og_locale":"es_ES","og_type":"article","og_title":"Calendario solidario 2020 - Down Lleida","og_description":"Este a\u00f1o el calendario de DOWN LLEIDA ha contado, como [&hellip;]","og_url":"https:\/\/downlleida.com\/es\/calendario-solidario-2020\/","og_site_name":"Down Lleida","article_published_time":"2020-01-02T09:19:20+00:00","og_image":[{"width":2135,"height":1501,"url":"https:\/\/downlleida.com\/wp-content\/uploads\/2020\/01\/01.jpg.p.jpg","type":"image\/jpeg"}],"author":"admin","twitter_card":"summary_large_image","twitter_misc":{"Escrito por":"admin","Tiempo de lectura":"1 minuto"},"schema":{"@context":"https:\/\/schema.org","@graph":[{"@type":"WebPage","@id":"https:\/\/downlleida.com\/es\/calendario-solidario-2020\/","url":"https:\/\/downlleida.com\/es\/calendario-solidario-2020\/","name":"Calendario solidario 2020 - Down Lleida","isPartOf":{"@id":"https:\/\/downlleida.com\/#website"},"datePublished":"2020-01-02T09:19:20+00:00","dateModified":"2020-01-02T09:19:20+00:00","author":{"@id":"https:\/\/downlleida.com\/#\/schema\/person\/56bbfe35feca4cae2d5a6366c0e76f42"},"breadcrumb":{"@id":"https:\/\/downlleida.com\/es\/calendario-solidario-2020\/#breadcrumb"},"inLanguage":"es","potentialAction":[{"@type":"ReadAction","target":["https:\/\/downlleida.com\/es\/calendario-solidario-2020\/"]}]},{"@type":"BreadcrumbList","@id":"https:\/\/downlleida.com\/es\/calendario-solidario-2020\/#breadcrumb","itemListElement":[{"@type":"ListItem","position":1,"name":"Portada","item":"https:\/\/downlleida.com\/es\/inicio\/"},{"@type":"ListItem","position":2,"name":"Calendario solidario 2020"}]},{"@type":"WebSite","@id":"https:\/\/downlleida.com\/#website","url":"https:\/\/downlleida.com\/","name":"Down Lleida","description":"Associaci\u00f3 Lleidatana per a la S\u00edndrome de Down","potentialAction":[{"@type":"SearchAction","target":{"@type":"EntryPoint","urlTemplate":"https:\/\/downlleida.com\/?s={search_term_string}"},"query-input":"required name=search_term_string"}],"inLanguage":"es"},{"@type":"Person","@id":"https:\/\/downlleida.com\/#\/schema\/person\/56bbfe35feca4cae2d5a6366c0e76f42","name":"admin","image":{"@type":"ImageObject","inLanguage":"es","@id":"https:\/\/downlleida.com\/#\/schema\/person\/image\/","url":"https:\/\/secure.gravatar.com\/avatar\/3d8771e958295f415804336505f0c6faebfe16c066754f8f90e0b5a1023ffc77?s=96&d=mm&r=g","contentUrl":"https:\/\/secure.gravatar.com\/avatar\/3d8771e958295f415804336505f0c6faebfe16c066754f8f90e0b5a1023ffc77?s=96&d=mm&r=g","caption":"admin"},"sameAs":["https:\/\/downlleida.com"],"url":"https:\/\/downlleida.com\/es\/author\/down_5gorj32b\/"}]}},"_links":{"self":[{"href":"https:\/\/downlleida.com\/es\/wp-json\/wp\/v2\/posts\/3841","targetHints":{"allow":["GET"]}}],"collection":[{"href":"https:\/\/downlleida.com\/es\/wp-json\/wp\/v2\/posts"}],"about":[{"href":"https:\/\/downlleida.com\/es\/wp-json\/wp\/v2\/types\/post"}],"author":[{"embeddable":true,"href":"https:\/\/downlleida.com\/es\/wp-json\/wp\/v2\/users\/1"}],"replies":[{"embeddable":true,"href":"https:\/\/downlleida.com\/es\/wp-json\/wp\/v2\/comments?post=3841"}],"version-history":[{"count":0,"href":"https:\/\/downlleida.com\/es\/wp-json\/wp\/v2\/posts\/3841\/revisions"}],"wp:featuredmedia":[{"embeddable":true,"href":"https:\/\/downlleida.com\/es\/wp-json\/wp\/v2\/media\/3842"}],"wp:attachment":[{"href":"https:\/\/downlleida.com\/es\/wp-json\/wp\/v2\/media?parent=3841"}],"wp:term":[{"taxonomy":"category","embeddable":true,"href":"https:\/\/downlleida.com\/es\/wp-json\/wp\/v2\/categories?post=3841"},{"taxonomy":"post_tag","embeddable":true,"href":"https:\/\/downlleida.com\/es\/wp-json\/wp\/v2\/tags?post=3841"}],"curies":[{"name":"wp","href":"https:\/\/api.w.org\/{rel}","templated":true}]}}