{"id":3858,"date":"2019-11-18T10:39:09","date_gmt":"2019-11-18T09:39:09","guid":{"rendered":"http:\/\/downlleida.org\/?p=4315"},"modified":"2019-11-18T10:39:09","modified_gmt":"2019-11-18T09:39:09","slug":"xiv-premios-integra-xxi","status":"publish","type":"post","link":"https:\/\/downlleida.com\/es\/xiv-premios-integra-xxi\/","title":{"rendered":"XIV Premios Integra XXI"},"content":{"rendered":"\n<p>El <strong>viernes 15 de noviembre<\/strong> tuvo lugar la entrega de los XIV Premios Integra XXI en la Fonda del Nastasi.<\/p>\n\n\n\n<p>En la cena se hizo un reconocimiento a 3 empresas que est\u00e1n dando apoyo al programa de inserci\u00f3n laboral INTEGRA XXI, promoviendo as\u00ed, el acceso al mundo laboral ordinario de personas con discapacidad intelectual.<\/p>\n\n\n\n<p>En esta 14a edici\u00f3n, las empresas premiadas son <strong>PaPanBread, Resquitx Restaurant y Sercodaga.<\/strong><\/p>\n\n\n\n<ul class=\"wp-block-gallery columns-3 is-cropped wp-block-gallery-1 is-layout-flex wp-block-gallery-is-layout-flex\"><li class=\"blocks-gallery-item\"><figure><a href=\"http:\/\/downlleida.org\/wp-content\/uploads\/2019\/11\/PaPanBread-1024x678.jpg\"><img decoding=\"async\" src=\"data:image\/gif;base64,R0lGODlhAQABAAAAACH5BAEKAAEALAAAAAABAAEAAAICTAEAOw==\" data-orig-src=\"http:\/\/downlleida.org\/wp-content\/uploads\/2019\/11\/PaPanBread-1024x678.jpg\" alt=\"\" data-id=\"4302\" data-link=\"http:\/\/downlleida.org\/?attachment_id=4302\" class=\"lazyload wp-image-4302\"\/><\/a><\/figure><\/li><li class=\"blocks-gallery-item\"><figure><a href=\"http:\/\/downlleida.org\/wp-content\/uploads\/2019\/11\/Resquitx-Restaurant-1024x678.jpg\"><img decoding=\"async\" src=\"data:image\/gif;base64,R0lGODlhAQABAAAAACH5BAEKAAEALAAAAAABAAEAAAICTAEAOw==\" data-orig-src=\"http:\/\/downlleida.org\/wp-content\/uploads\/2019\/11\/Resquitx-Restaurant-1024x678.jpg\" alt=\"\" data-id=\"4304\" data-link=\"http:\/\/downlleida.org\/?attachment_id=4304\" class=\"lazyload wp-image-4304\"\/><\/a><\/figure><\/li><li class=\"blocks-gallery-item\"><figure><a href=\"http:\/\/downlleida.org\/wp-content\/uploads\/2019\/11\/Sercodaga-1024x844.jpg\"><img decoding=\"async\" src=\"data:image\/gif;base64,R0lGODlhAQABAAAAACH5BAEKAAEALAAAAAABAAEAAAICTAEAOw==\" data-orig-src=\"http:\/\/downlleida.org\/wp-content\/uploads\/2019\/11\/Sercodaga-1024x844.jpg\" alt=\"\" data-id=\"4306\" data-link=\"http:\/\/downlleida.org\/?attachment_id=4306\" class=\"lazyload wp-image-4306\"\/><\/a><\/figure><\/li><li class=\"blocks-gallery-item\"><figure><a href=\"http:\/\/downlleida.org\/wp-content\/uploads\/2019\/11\/Autoritats-premiats-1024x576.jpg\"><img decoding=\"async\" src=\"data:image\/gif;base64,R0lGODlhAQABAAAAACH5BAEKAAEALAAAAAABAAEAAAICTAEAOw==\" data-orig-src=\"http:\/\/downlleida.org\/wp-content\/uploads\/2019\/11\/Autoritats-premiats-1024x576.jpg\" alt=\"\" data-id=\"4308\" data-link=\"http:\/\/downlleida.org\/?attachment_id=4308\" class=\"lazyload wp-image-4308\"\/><\/a><\/figure><\/li><\/ul>\n\n\n\n<p>En el mismo acto se hizo entrega del pin de honor a Juli\u00e1n Garrido,  ex presidente de la Asociaci\u00f3n de Vecinos del Sec\u00e0 de Sant Pere, en agradecimiento a todo el apoyo prestado a nuestra asociaci\u00f3n.<\/p>\n\n\n\n<div class=\"wp-block-image\"><figure class=\"aligncenter is-resized\"><a href=\"http:\/\/downlleida.org\/wp-content\/uploads\/2019\/11\/Pin-honor-Julian.jpg\"><img decoding=\"async\" src=\"data:image\/svg+xml,%3Csvg%20xmlns%3D%27http%3A%2F%2Fwww.w3.org%2F2000%2Fsvg%27%20width%3D%27493%27%20height%3D%27326%27%20viewBox%3D%270%200%20493%20326%27%3E%3Crect%20width%3D%27493%27%20height%3D%27326%27%20fill-opacity%3D%220%22%2F%3E%3C%2Fsvg%3E\" data-orig-src=\"http:\/\/downlleida.org\/wp-content\/uploads\/2019\/11\/Pin-honor-Julian-1024x678.jpg\" alt=\"\" class=\"lazyload wp-image-4310\" width=\"493\" height=\"326\"\/><\/a><\/figure><\/div>\n\n\n\n<p>Tambi\u00e9n se present\u00f3 el <strong>calendario solidario 2020 <\/strong>de Down Lleida, elaborado por Juli\u00e1n Garcia y Reinald Pom\u00e9s. El calendario de esta a\u00f1o incluye fotograf\u00edas en un entorno incomparable, el de los campos frutales en floraci\u00f3n de <strong>Aitona <\/strong>y algunos de los lugares m\u00e1s emblem\u00e1ticos de la localidad. <\/p>\n","protected":false},"excerpt":{"rendered":"<p>El viernes 15 de noviembre tuvo lugar la entrega de [&hellip;]<\/p>\n","protected":false},"author":1,"featured_media":3859,"comment_status":"open","ping_status":"open","sticky":false,"template":"","format":"standard","meta":{"footnotes":""},"categories":[18],"tags":[],"class_list":["post-3858","post","type-post","status-publish","format-standard","has-post-thumbnail","hentry","category-sin-categorizar"],"yoast_head":"<!-- This site is optimized with the Yoast SEO plugin v20.0 - https:\/\/yoast.com\/wordpress\/plugins\/seo\/ -->\n<title>XIV Premios Integra XXI - Down Lleida<\/title>\n<meta name=\"robots\" content=\"index, follow, max-snippet:-1, max-image-preview:large, max-video-preview:-1\" \/>\n<link rel=\"canonical\" href=\"https:\/\/downlleida.com\/es\/xiv-premios-integra-xxi\/\" \/>\n<meta property=\"og:locale\" content=\"es_ES\" \/>\n<meta property=\"og:type\" content=\"article\" \/>\n<meta property=\"og:title\" content=\"XIV Premios Integra XXI - Down Lleida\" \/>\n<meta property=\"og:description\" content=\"El viernes 15 de noviembre tuvo lugar la entrega de [&hellip;]\" \/>\n<meta property=\"og:url\" content=\"https:\/\/downlleida.com\/es\/xiv-premios-integra-xxi\/\" \/>\n<meta property=\"og:site_name\" content=\"Down Lleida\" \/>\n<meta property=\"article:published_time\" content=\"2019-11-18T09:39:09+00:00\" \/>\n<meta property=\"og:image\" content=\"https:\/\/downlleida.com\/wp-content\/uploads\/2019\/11\/Autoritats-premiats-scaled.jpg\" \/>\n\t<meta property=\"og:image:width\" content=\"2560\" \/>\n\t<meta property=\"og:image:height\" content=\"1441\" \/>\n\t<meta property=\"og:image:type\" content=\"image\/jpeg\" \/>\n<meta name=\"author\" content=\"admin\" \/>\n<meta name=\"twitter:card\" content=\"summary_large_image\" \/>\n<meta name=\"twitter:label1\" content=\"Escrito por\" \/>\n\t<meta name=\"twitter:data1\" content=\"admin\" \/>\n\t<meta name=\"twitter:label2\" content=\"Tiempo de lectura\" \/>\n\t<meta name=\"twitter:data2\" content=\"1 minuto\" \/>\n<script type=\"application\/ld+json\" class=\"yoast-schema-graph\">{\"@context\":\"https:\/\/schema.org\",\"@graph\":[{\"@type\":\"WebPage\",\"@id\":\"https:\/\/downlleida.com\/es\/xiv-premios-integra-xxi\/\",\"url\":\"https:\/\/downlleida.com\/es\/xiv-premios-integra-xxi\/\",\"name\":\"XIV Premios Integra XXI - Down Lleida\",\"isPartOf\":{\"@id\":\"https:\/\/downlleida.com\/#website\"},\"datePublished\":\"2019-11-18T09:39:09+00:00\",\"dateModified\":\"2019-11-18T09:39:09+00:00\",\"author\":{\"@id\":\"https:\/\/downlleida.com\/#\/schema\/person\/7cc94dd312af2687ebce46e979844c1d\"},\"breadcrumb\":{\"@id\":\"https:\/\/downlleida.com\/es\/xiv-premios-integra-xxi\/#breadcrumb\"},\"inLanguage\":\"es\",\"potentialAction\":[{\"@type\":\"ReadAction\",\"target\":[\"https:\/\/downlleida.com\/es\/xiv-premios-integra-xxi\/\"]}]},{\"@type\":\"BreadcrumbList\",\"@id\":\"https:\/\/downlleida.com\/es\/xiv-premios-integra-xxi\/#breadcrumb\",\"itemListElement\":[{\"@type\":\"ListItem\",\"position\":1,\"name\":\"Portada\",\"item\":\"https:\/\/downlleida.com\/es\/inicio\/\"},{\"@type\":\"ListItem\",\"position\":2,\"name\":\"XIV Premios Integra XXI\"}]},{\"@type\":\"WebSite\",\"@id\":\"https:\/\/downlleida.com\/#website\",\"url\":\"https:\/\/downlleida.com\/\",\"name\":\"Down Lleida\",\"description\":\"Associaci\u00f3 Lleidatana per a la S\u00edndrome de Down\",\"potentialAction\":[{\"@type\":\"SearchAction\",\"target\":{\"@type\":\"EntryPoint\",\"urlTemplate\":\"https:\/\/downlleida.com\/?s={search_term_string}\"},\"query-input\":\"required name=search_term_string\"}],\"inLanguage\":\"es\"},{\"@type\":\"Person\",\"@id\":\"https:\/\/downlleida.com\/#\/schema\/person\/7cc94dd312af2687ebce46e979844c1d\",\"name\":\"admin\",\"image\":{\"@type\":\"ImageObject\",\"inLanguage\":\"es\",\"@id\":\"https:\/\/downlleida.com\/#\/schema\/person\/image\/\",\"url\":\"https:\/\/secure.gravatar.com\/avatar\/3d8771e958295f415804336505f0c6faebfe16c066754f8f90e0b5a1023ffc77?s=96&d=mm&r=g\",\"contentUrl\":\"https:\/\/secure.gravatar.com\/avatar\/3d8771e958295f415804336505f0c6faebfe16c066754f8f90e0b5a1023ffc77?s=96&d=mm&r=g\",\"caption\":\"admin\"},\"sameAs\":[\"https:\/\/downlleida.com\"],\"url\":\"https:\/\/downlleida.com\/es\/author\/down_5gorj32b\/\"}]}<\/script>\n<!-- \/ Yoast SEO plugin. -->","yoast_head_json":{"title":"XIV Premios Integra XXI - Down Lleida","robots":{"index":"index","follow":"follow","max-snippet":"max-snippet:-1","max-image-preview":"max-image-preview:large","max-video-preview":"max-video-preview:-1"},"canonical":"https:\/\/downlleida.com\/es\/xiv-premios-integra-xxi\/","og_locale":"es_ES","og_type":"article","og_title":"XIV Premios Integra XXI - Down Lleida","og_description":"El viernes 15 de noviembre tuvo lugar la entrega de [&hellip;]","og_url":"https:\/\/downlleida.com\/es\/xiv-premios-integra-xxi\/","og_site_name":"Down Lleida","article_published_time":"2019-11-18T09:39:09+00:00","og_image":[{"width":2560,"height":1441,"url":"https:\/\/downlleida.com\/wp-content\/uploads\/2019\/11\/Autoritats-premiats-scaled.jpg","type":"image\/jpeg"}],"author":"admin","twitter_card":"summary_large_image","twitter_misc":{"Escrito por":"admin","Tiempo de lectura":"1 minuto"},"schema":{"@context":"https:\/\/schema.org","@graph":[{"@type":"WebPage","@id":"https:\/\/downlleida.com\/es\/xiv-premios-integra-xxi\/","url":"https:\/\/downlleida.com\/es\/xiv-premios-integra-xxi\/","name":"XIV Premios Integra XXI - Down Lleida","isPartOf":{"@id":"https:\/\/downlleida.com\/#website"},"datePublished":"2019-11-18T09:39:09+00:00","dateModified":"2019-11-18T09:39:09+00:00","author":{"@id":"https:\/\/downlleida.com\/#\/schema\/person\/7cc94dd312af2687ebce46e979844c1d"},"breadcrumb":{"@id":"https:\/\/downlleida.com\/es\/xiv-premios-integra-xxi\/#breadcrumb"},"inLanguage":"es","potentialAction":[{"@type":"ReadAction","target":["https:\/\/downlleida.com\/es\/xiv-premios-integra-xxi\/"]}]},{"@type":"BreadcrumbList","@id":"https:\/\/downlleida.com\/es\/xiv-premios-integra-xxi\/#breadcrumb","itemListElement":[{"@type":"ListItem","position":1,"name":"Portada","item":"https:\/\/downlleida.com\/es\/inicio\/"},{"@type":"ListItem","position":2,"name":"XIV Premios Integra XXI"}]},{"@type":"WebSite","@id":"https:\/\/downlleida.com\/#website","url":"https:\/\/downlleida.com\/","name":"Down Lleida","description":"Associaci\u00f3 Lleidatana per a la S\u00edndrome de Down","potentialAction":[{"@type":"SearchAction","target":{"@type":"EntryPoint","urlTemplate":"https:\/\/downlleida.com\/?s={search_term_string}"},"query-input":"required name=search_term_string"}],"inLanguage":"es"},{"@type":"Person","@id":"https:\/\/downlleida.com\/#\/schema\/person\/7cc94dd312af2687ebce46e979844c1d","name":"admin","image":{"@type":"ImageObject","inLanguage":"es","@id":"https:\/\/downlleida.com\/#\/schema\/person\/image\/","url":"https:\/\/secure.gravatar.com\/avatar\/3d8771e958295f415804336505f0c6faebfe16c066754f8f90e0b5a1023ffc77?s=96&d=mm&r=g","contentUrl":"https:\/\/secure.gravatar.com\/avatar\/3d8771e958295f415804336505f0c6faebfe16c066754f8f90e0b5a1023ffc77?s=96&d=mm&r=g","caption":"admin"},"sameAs":["https:\/\/downlleida.com"],"url":"https:\/\/downlleida.com\/es\/author\/down_5gorj32b\/"}]}},"_links":{"self":[{"href":"https:\/\/downlleida.com\/es\/wp-json\/wp\/v2\/posts\/3858","targetHints":{"allow":["GET"]}}],"collection":[{"href":"https:\/\/downlleida.com\/es\/wp-json\/wp\/v2\/posts"}],"about":[{"href":"https:\/\/downlleida.com\/es\/wp-json\/wp\/v2\/types\/post"}],"author":[{"embeddable":true,"href":"https:\/\/downlleida.com\/es\/wp-json\/wp\/v2\/users\/1"}],"replies":[{"embeddable":true,"href":"https:\/\/downlleida.com\/es\/wp-json\/wp\/v2\/comments?post=3858"}],"version-history":[{"count":0,"href":"https:\/\/downlleida.com\/es\/wp-json\/wp\/v2\/posts\/3858\/revisions"}],"wp:featuredmedia":[{"embeddable":true,"href":"https:\/\/downlleida.com\/es\/wp-json\/wp\/v2\/media\/3859"}],"wp:attachment":[{"href":"https:\/\/downlleida.com\/es\/wp-json\/wp\/v2\/media?parent=3858"}],"wp:term":[{"taxonomy":"category","embeddable":true,"href":"https:\/\/downlleida.com\/es\/wp-json\/wp\/v2\/categories?post=3858"},{"taxonomy":"post_tag","embeddable":true,"href":"https:\/\/downlleida.com\/es\/wp-json\/wp\/v2\/tags?post=3858"}],"curies":[{"name":"wp","href":"https:\/\/api.w.org\/{rel}","templated":true}]}}