{"id":3884,"date":"2019-05-28T08:25:13","date_gmt":"2019-05-28T07:25:13","guid":{"rendered":"http:\/\/downlleida.org\/?p=3765"},"modified":"2019-05-28T08:25:13","modified_gmt":"2019-05-28T07:25:13","slug":"vii-caminata-down-lleida","status":"publish","type":"post","link":"https:\/\/downlleida.com\/es\/vii-caminata-down-lleida\/","title":{"rendered":"VII Caminata Down Lleida"},"content":{"rendered":"\n<p>El domingo 9 de junio del 2019 realizaremos <strong>la VII Caminata Solidaria Down Lleida<\/strong>.\nAl igual que las \u00faltimas ediciones, habr\u00e1 <strong>dos\nrecorridos<\/strong>, uno corto que consta de <strong>6,5\nkm<\/strong> y uno largo de <strong>10 km<\/strong>. Ambos\nitinerarios comenzar\u00e1n como <strong>punto de\npartida en Decathlon Lleida<\/strong> y finalizar\u00e1n <strong>en el Parc de l\u2019Aigua<\/strong>. <\/p>\n\n\n\n<p>Es necesario realizar <strong>la inscripci\u00f3n <\/strong>en la web <a href=\"http:\/\/www.iter.cat\">www.iter5.cat<\/a> o presencialmente en la asociaci\u00f3n Down Lleida durante los d\u00edas 6 y 7 de junio. Tambi\u00e9n se podr\u00e1 inscribir el mismo d\u00eda de la caminata. <\/p>\n\n\n\n<p>La recogida de <strong>los\ndorsales<\/strong> se realizar\u00e1 durante los d\u00edas 6 y 7 de junio en la sede de Down\nLleida o el mismo d\u00eda de la caminata en el parking del Decathlon entre las\n8.30h y las 9.00h. <\/p>\n\n\n\n<p>El <strong>inicio<\/strong> de\nla caminata ser\u00e1 a las <strong>9.00h<\/strong>,\nsaliendo desde el Decathlon. Est\u00e1 previsto <strong>finalizar<\/strong>\na las <strong>13.00h<\/strong> en el Parque del Agua. <\/p>\n\n\n\n<p>Durante la caminata habr\u00e1 <strong>servicio de avituallamiento<\/strong>. <\/p>\n\n\n\n<p>A cada participante se regalar\u00e1 una bolsa con fruta y una\ncamiseta.<\/p>\n\n\n\n<p class=\"has-medium-font-size\">Estas preparado? Te lo vas a perder?<\/p>\n\n\n\n<figure class=\"wp-block-image\"><img decoding=\"async\" src=\"data:image\/gif;base64,R0lGODlhAQABAAAAACH5BAEKAAEALAAAAAABAAEAAAICTAEAOw==\" data-orig-src=\"http:\/\/downlleida.org\/wp-content\/uploads\/2019\/05\/Cartell-Caminada-2019-724x1024.jpg\" alt=\"\" class=\"lazyload wp-image-3763\"\/><\/figure>\n","protected":false},"excerpt":{"rendered":"<p>El domingo 9 de junio del 2019 realizaremos la VII [&hellip;]<\/p>\n","protected":false},"author":1,"featured_media":3885,"comment_status":"open","ping_status":"open","sticky":false,"template":"","format":"standard","meta":{"footnotes":""},"categories":[30],"tags":[],"class_list":["post-3884","post","type-post","status-publish","format-standard","has-post-thumbnail","hentry","category-actividades-de-ocio"],"yoast_head":"<!-- This site is optimized with the Yoast SEO plugin v20.0 - https:\/\/yoast.com\/wordpress\/plugins\/seo\/ -->\n<title>VII Caminata Down Lleida - Down Lleida<\/title>\n<meta name=\"robots\" content=\"index, follow, max-snippet:-1, max-image-preview:large, max-video-preview:-1\" \/>\n<link rel=\"canonical\" href=\"https:\/\/downlleida.com\/es\/vii-caminata-down-lleida\/\" \/>\n<meta property=\"og:locale\" content=\"es_ES\" \/>\n<meta property=\"og:type\" content=\"article\" \/>\n<meta property=\"og:title\" content=\"VII Caminata Down Lleida - Down Lleida\" \/>\n<meta property=\"og:description\" content=\"El domingo 9 de junio del 2019 realizaremos la VII [&hellip;]\" \/>\n<meta property=\"og:url\" content=\"https:\/\/downlleida.com\/es\/vii-caminata-down-lleida\/\" \/>\n<meta property=\"og:site_name\" content=\"Down Lleida\" \/>\n<meta property=\"article:published_time\" content=\"2019-05-28T07:25:13+00:00\" \/>\n<meta property=\"og:image\" content=\"https:\/\/downlleida.com\/wp-content\/uploads\/2019\/05\/Cartell-Caminada-2019-scaled.jpg\" \/>\n\t<meta property=\"og:image:width\" content=\"1810\" \/>\n\t<meta property=\"og:image:height\" content=\"2560\" \/>\n\t<meta property=\"og:image:type\" content=\"image\/jpeg\" \/>\n<meta name=\"author\" content=\"admin\" \/>\n<meta name=\"twitter:card\" content=\"summary_large_image\" \/>\n<meta name=\"twitter:label1\" content=\"Escrito por\" \/>\n\t<meta name=\"twitter:data1\" content=\"admin\" \/>\n\t<meta name=\"twitter:label2\" content=\"Tiempo de lectura\" \/>\n\t<meta name=\"twitter:data2\" content=\"1 minuto\" \/>\n<script type=\"application\/ld+json\" class=\"yoast-schema-graph\">{\"@context\":\"https:\/\/schema.org\",\"@graph\":[{\"@type\":\"WebPage\",\"@id\":\"https:\/\/downlleida.com\/es\/vii-caminata-down-lleida\/\",\"url\":\"https:\/\/downlleida.com\/es\/vii-caminata-down-lleida\/\",\"name\":\"VII Caminata Down Lleida - Down Lleida\",\"isPartOf\":{\"@id\":\"https:\/\/downlleida.com\/#website\"},\"datePublished\":\"2019-05-28T07:25:13+00:00\",\"dateModified\":\"2019-05-28T07:25:13+00:00\",\"author\":{\"@id\":\"https:\/\/downlleida.com\/#\/schema\/person\/3b3b0219b9cb5e9febd42bde671c4eba\"},\"breadcrumb\":{\"@id\":\"https:\/\/downlleida.com\/es\/vii-caminata-down-lleida\/#breadcrumb\"},\"inLanguage\":\"es\",\"potentialAction\":[{\"@type\":\"ReadAction\",\"target\":[\"https:\/\/downlleida.com\/es\/vii-caminata-down-lleida\/\"]}]},{\"@type\":\"BreadcrumbList\",\"@id\":\"https:\/\/downlleida.com\/es\/vii-caminata-down-lleida\/#breadcrumb\",\"itemListElement\":[{\"@type\":\"ListItem\",\"position\":1,\"name\":\"Portada\",\"item\":\"https:\/\/downlleida.com\/es\/inicio\/\"},{\"@type\":\"ListItem\",\"position\":2,\"name\":\"VII Caminata Down Lleida\"}]},{\"@type\":\"WebSite\",\"@id\":\"https:\/\/downlleida.com\/#website\",\"url\":\"https:\/\/downlleida.com\/\",\"name\":\"Down Lleida\",\"description\":\"Associaci\u00f3 Lleidatana per a la S\u00edndrome de Down\",\"potentialAction\":[{\"@type\":\"SearchAction\",\"target\":{\"@type\":\"EntryPoint\",\"urlTemplate\":\"https:\/\/downlleida.com\/?s={search_term_string}\"},\"query-input\":\"required name=search_term_string\"}],\"inLanguage\":\"es\"},{\"@type\":\"Person\",\"@id\":\"https:\/\/downlleida.com\/#\/schema\/person\/3b3b0219b9cb5e9febd42bde671c4eba\",\"name\":\"admin\",\"image\":{\"@type\":\"ImageObject\",\"inLanguage\":\"es\",\"@id\":\"https:\/\/downlleida.com\/#\/schema\/person\/image\/\",\"url\":\"https:\/\/secure.gravatar.com\/avatar\/3d8771e958295f415804336505f0c6faebfe16c066754f8f90e0b5a1023ffc77?s=96&d=mm&r=g\",\"contentUrl\":\"https:\/\/secure.gravatar.com\/avatar\/3d8771e958295f415804336505f0c6faebfe16c066754f8f90e0b5a1023ffc77?s=96&d=mm&r=g\",\"caption\":\"admin\"},\"sameAs\":[\"https:\/\/downlleida.com\"],\"url\":\"https:\/\/downlleida.com\/es\/author\/down_5gorj32b\/\"}]}<\/script>\n<!-- \/ Yoast SEO plugin. -->","yoast_head_json":{"title":"VII Caminata Down Lleida - Down Lleida","robots":{"index":"index","follow":"follow","max-snippet":"max-snippet:-1","max-image-preview":"max-image-preview:large","max-video-preview":"max-video-preview:-1"},"canonical":"https:\/\/downlleida.com\/es\/vii-caminata-down-lleida\/","og_locale":"es_ES","og_type":"article","og_title":"VII Caminata Down Lleida - Down Lleida","og_description":"El domingo 9 de junio del 2019 realizaremos la VII [&hellip;]","og_url":"https:\/\/downlleida.com\/es\/vii-caminata-down-lleida\/","og_site_name":"Down Lleida","article_published_time":"2019-05-28T07:25:13+00:00","og_image":[{"width":1810,"height":2560,"url":"https:\/\/downlleida.com\/wp-content\/uploads\/2019\/05\/Cartell-Caminada-2019-scaled.jpg","type":"image\/jpeg"}],"author":"admin","twitter_card":"summary_large_image","twitter_misc":{"Escrito por":"admin","Tiempo de lectura":"1 minuto"},"schema":{"@context":"https:\/\/schema.org","@graph":[{"@type":"WebPage","@id":"https:\/\/downlleida.com\/es\/vii-caminata-down-lleida\/","url":"https:\/\/downlleida.com\/es\/vii-caminata-down-lleida\/","name":"VII Caminata Down Lleida - Down Lleida","isPartOf":{"@id":"https:\/\/downlleida.com\/#website"},"datePublished":"2019-05-28T07:25:13+00:00","dateModified":"2019-05-28T07:25:13+00:00","author":{"@id":"https:\/\/downlleida.com\/#\/schema\/person\/3b3b0219b9cb5e9febd42bde671c4eba"},"breadcrumb":{"@id":"https:\/\/downlleida.com\/es\/vii-caminata-down-lleida\/#breadcrumb"},"inLanguage":"es","potentialAction":[{"@type":"ReadAction","target":["https:\/\/downlleida.com\/es\/vii-caminata-down-lleida\/"]}]},{"@type":"BreadcrumbList","@id":"https:\/\/downlleida.com\/es\/vii-caminata-down-lleida\/#breadcrumb","itemListElement":[{"@type":"ListItem","position":1,"name":"Portada","item":"https:\/\/downlleida.com\/es\/inicio\/"},{"@type":"ListItem","position":2,"name":"VII Caminata Down Lleida"}]},{"@type":"WebSite","@id":"https:\/\/downlleida.com\/#website","url":"https:\/\/downlleida.com\/","name":"Down Lleida","description":"Associaci\u00f3 Lleidatana per a la S\u00edndrome de Down","potentialAction":[{"@type":"SearchAction","target":{"@type":"EntryPoint","urlTemplate":"https:\/\/downlleida.com\/?s={search_term_string}"},"query-input":"required name=search_term_string"}],"inLanguage":"es"},{"@type":"Person","@id":"https:\/\/downlleida.com\/#\/schema\/person\/3b3b0219b9cb5e9febd42bde671c4eba","name":"admin","image":{"@type":"ImageObject","inLanguage":"es","@id":"https:\/\/downlleida.com\/#\/schema\/person\/image\/","url":"https:\/\/secure.gravatar.com\/avatar\/3d8771e958295f415804336505f0c6faebfe16c066754f8f90e0b5a1023ffc77?s=96&d=mm&r=g","contentUrl":"https:\/\/secure.gravatar.com\/avatar\/3d8771e958295f415804336505f0c6faebfe16c066754f8f90e0b5a1023ffc77?s=96&d=mm&r=g","caption":"admin"},"sameAs":["https:\/\/downlleida.com"],"url":"https:\/\/downlleida.com\/es\/author\/down_5gorj32b\/"}]}},"_links":{"self":[{"href":"https:\/\/downlleida.com\/es\/wp-json\/wp\/v2\/posts\/3884","targetHints":{"allow":["GET"]}}],"collection":[{"href":"https:\/\/downlleida.com\/es\/wp-json\/wp\/v2\/posts"}],"about":[{"href":"https:\/\/downlleida.com\/es\/wp-json\/wp\/v2\/types\/post"}],"author":[{"embeddable":true,"href":"https:\/\/downlleida.com\/es\/wp-json\/wp\/v2\/users\/1"}],"replies":[{"embeddable":true,"href":"https:\/\/downlleida.com\/es\/wp-json\/wp\/v2\/comments?post=3884"}],"version-history":[{"count":0,"href":"https:\/\/downlleida.com\/es\/wp-json\/wp\/v2\/posts\/3884\/revisions"}],"wp:featuredmedia":[{"embeddable":true,"href":"https:\/\/downlleida.com\/es\/wp-json\/wp\/v2\/media\/3885"}],"wp:attachment":[{"href":"https:\/\/downlleida.com\/es\/wp-json\/wp\/v2\/media?parent=3884"}],"wp:term":[{"taxonomy":"category","embeddable":true,"href":"https:\/\/downlleida.com\/es\/wp-json\/wp\/v2\/categories?post=3884"},{"taxonomy":"post_tag","embeddable":true,"href":"https:\/\/downlleida.com\/es\/wp-json\/wp\/v2\/tags?post=3884"}],"curies":[{"name":"wp","href":"https:\/\/api.w.org\/{rel}","templated":true}]}}