{"id":3951,"date":"2018-06-18T09:51:24","date_gmt":"2018-06-18T08:51:24","guid":{"rendered":"http:\/\/downlleida.org\/?p=1713"},"modified":"2018-06-18T09:51:24","modified_gmt":"2018-06-18T08:51:24","slug":"som-persones-autentiques","status":"publish","type":"post","link":"https:\/\/downlleida.com\/es\/som-persones-autentiques\/","title":{"rendered":"Som persones aut\u00e8ntiques"},"content":{"rendered":"<p>El pr\u00f3ximo <strong>s\u00e1bado 30 de junio<\/strong> tendr\u00e1 lugar el Desfile \u201c<strong>SOM PERSONES AUT\u00c8NTIQUES<\/strong>\u201d, organizada por Lenceria Xabel\u00b7la y solidario con nuestra entidad.<\/p>\n<p><img decoding=\"async\" src=\"data:image\/svg+xml,%3Csvg%20xmlns%3D%27http%3A%2F%2Fwww.w3.org%2F2000%2Fsvg%27%20width%3D%27212%27%20height%3D%27300%27%20viewBox%3D%270%200%20212%20300%27%3E%3Crect%20width%3D%27212%27%20height%3D%27300%27%20fill-opacity%3D%220%22%2F%3E%3C%2Fsvg%3E\" data-orig-src=\"http:\/\/downlleida.org\/wp-content\/uploads\/2018\/11\/Cartell-DOWN-LLEIDA-XABELA-600x849-1-212x300.jpg\" alt=\"\" class=\"lazyload aligncenter wp-image-1717 size-medium\" width=\"212\" height=\"300\" \/><\/p>\n<p>Os invitamos <b>a las 20:30 en el Club de Tenis Lleida<\/b> para disfrutar juntos del Desfile, y luego el que quiera podr\u00e1 seguir la fiesta con la Cena Solidaria de Verano en beneficio de Down Lleida.<\/p>\n<p><b>El precio de la cena de verano es de 25 \u20ac<\/b>, y os pod\u00e9is <b>apuntar hasta el d\u00eda 27\/06<\/b> en la Asociaci\u00f3n (973 22 50 40 o<a href=\"mailto:info@downlleida.org\"> info@downlleida.org<\/a>).<\/p>\n<p>Si no pod\u00e9is venir, tambi\u00e9n se puede hacer una aportaci\u00f3n \u201cmesa 0\u201d en el n\u00famero de cuenta ES59 2100 0339 1002 0008 3957.<\/p>\n<p>Os animamos a que hag\u00e1is difusi\u00f3n entre vuestros contactos, y que juntos podamos disfrutar de \u00a1una fant\u00e1stica noche de verano! \u00a1Habr\u00e1 m\u00fasica en directo y tambi\u00e9n sorteos para todos!<\/p>\n","protected":false},"excerpt":{"rendered":"<p>El pr\u00f3ximo s\u00e1bado 30 de junio tendr\u00e1 lugar el Desfile [&hellip;]<\/p>\n","protected":false},"author":1,"featured_media":3952,"comment_status":"open","ping_status":"open","sticky":false,"template":"","format":"standard","meta":{"footnotes":""},"categories":[31,32],"tags":[],"class_list":["post-3951","post","type-post","status-publish","format-standard","has-post-thumbnail","hentry","category-actos-beneficos","category-colaboraciones"],"yoast_head":"<!-- This site is optimized with the Yoast SEO plugin v20.0 - https:\/\/yoast.com\/wordpress\/plugins\/seo\/ -->\n<title>Som persones aut\u00e8ntiques - Down Lleida<\/title>\n<meta name=\"robots\" content=\"index, follow, max-snippet:-1, max-image-preview:large, max-video-preview:-1\" \/>\n<link rel=\"canonical\" href=\"https:\/\/downlleida.com\/es\/som-persones-autentiques\/\" \/>\n<meta property=\"og:locale\" content=\"es_ES\" \/>\n<meta property=\"og:type\" content=\"article\" \/>\n<meta property=\"og:title\" content=\"Som persones aut\u00e8ntiques - Down Lleida\" \/>\n<meta property=\"og:description\" content=\"El pr\u00f3ximo s\u00e1bado 30 de junio tendr\u00e1 lugar el Desfile [&hellip;]\" \/>\n<meta property=\"og:url\" content=\"https:\/\/downlleida.com\/es\/som-persones-autentiques\/\" \/>\n<meta property=\"og:site_name\" content=\"Down Lleida\" \/>\n<meta property=\"article:published_time\" content=\"2018-06-18T08:51:24+00:00\" \/>\n<meta property=\"og:image\" content=\"http:\/\/downlleida.org\/wp-content\/uploads\/2018\/11\/Cartell-DOWN-LLEIDA-XABELA-600x849-1-212x300.jpg\" \/>\n<meta name=\"author\" content=\"admin\" \/>\n<meta name=\"twitter:card\" content=\"summary_large_image\" \/>\n<meta name=\"twitter:label1\" content=\"Escrito por\" \/>\n\t<meta name=\"twitter:data1\" content=\"admin\" \/>\n\t<meta name=\"twitter:label2\" content=\"Tiempo de lectura\" \/>\n\t<meta name=\"twitter:data2\" content=\"1 minuto\" \/>\n<script type=\"application\/ld+json\" class=\"yoast-schema-graph\">{\"@context\":\"https:\/\/schema.org\",\"@graph\":[{\"@type\":\"WebPage\",\"@id\":\"https:\/\/downlleida.com\/es\/som-persones-autentiques\/\",\"url\":\"https:\/\/downlleida.com\/es\/som-persones-autentiques\/\",\"name\":\"Som persones aut\u00e8ntiques - Down Lleida\",\"isPartOf\":{\"@id\":\"https:\/\/downlleida.com\/#website\"},\"datePublished\":\"2018-06-18T08:51:24+00:00\",\"dateModified\":\"2018-06-18T08:51:24+00:00\",\"author\":{\"@id\":\"https:\/\/downlleida.com\/#\/schema\/person\/56bbfe35feca4cae2d5a6366c0e76f42\"},\"breadcrumb\":{\"@id\":\"https:\/\/downlleida.com\/es\/som-persones-autentiques\/#breadcrumb\"},\"inLanguage\":\"es\",\"potentialAction\":[{\"@type\":\"ReadAction\",\"target\":[\"https:\/\/downlleida.com\/es\/som-persones-autentiques\/\"]}]},{\"@type\":\"BreadcrumbList\",\"@id\":\"https:\/\/downlleida.com\/es\/som-persones-autentiques\/#breadcrumb\",\"itemListElement\":[{\"@type\":\"ListItem\",\"position\":1,\"name\":\"Portada\",\"item\":\"https:\/\/downlleida.com\/es\/inicio\/\"},{\"@type\":\"ListItem\",\"position\":2,\"name\":\"Som persones aut\u00e8ntiques\"}]},{\"@type\":\"WebSite\",\"@id\":\"https:\/\/downlleida.com\/#website\",\"url\":\"https:\/\/downlleida.com\/\",\"name\":\"Down Lleida\",\"description\":\"Associaci\u00f3 Lleidatana per a la S\u00edndrome de Down\",\"potentialAction\":[{\"@type\":\"SearchAction\",\"target\":{\"@type\":\"EntryPoint\",\"urlTemplate\":\"https:\/\/downlleida.com\/?s={search_term_string}\"},\"query-input\":\"required name=search_term_string\"}],\"inLanguage\":\"es\"},{\"@type\":\"Person\",\"@id\":\"https:\/\/downlleida.com\/#\/schema\/person\/56bbfe35feca4cae2d5a6366c0e76f42\",\"name\":\"admin\",\"image\":{\"@type\":\"ImageObject\",\"inLanguage\":\"es\",\"@id\":\"https:\/\/downlleida.com\/#\/schema\/person\/image\/\",\"url\":\"https:\/\/secure.gravatar.com\/avatar\/3d8771e958295f415804336505f0c6faebfe16c066754f8f90e0b5a1023ffc77?s=96&d=mm&r=g\",\"contentUrl\":\"https:\/\/secure.gravatar.com\/avatar\/3d8771e958295f415804336505f0c6faebfe16c066754f8f90e0b5a1023ffc77?s=96&d=mm&r=g\",\"caption\":\"admin\"},\"sameAs\":[\"https:\/\/downlleida.com\"],\"url\":\"https:\/\/downlleida.com\/es\/author\/down_5gorj32b\/\"}]}<\/script>\n<!-- \/ Yoast SEO plugin. -->","yoast_head_json":{"title":"Som persones aut\u00e8ntiques - Down Lleida","robots":{"index":"index","follow":"follow","max-snippet":"max-snippet:-1","max-image-preview":"max-image-preview:large","max-video-preview":"max-video-preview:-1"},"canonical":"https:\/\/downlleida.com\/es\/som-persones-autentiques\/","og_locale":"es_ES","og_type":"article","og_title":"Som persones aut\u00e8ntiques - Down Lleida","og_description":"El pr\u00f3ximo s\u00e1bado 30 de junio tendr\u00e1 lugar el Desfile [&hellip;]","og_url":"https:\/\/downlleida.com\/es\/som-persones-autentiques\/","og_site_name":"Down Lleida","article_published_time":"2018-06-18T08:51:24+00:00","og_image":[{"url":"http:\/\/downlleida.org\/wp-content\/uploads\/2018\/11\/Cartell-DOWN-LLEIDA-XABELA-600x849-1-212x300.jpg"}],"author":"admin","twitter_card":"summary_large_image","twitter_misc":{"Escrito por":"admin","Tiempo de lectura":"1 minuto"},"schema":{"@context":"https:\/\/schema.org","@graph":[{"@type":"WebPage","@id":"https:\/\/downlleida.com\/es\/som-persones-autentiques\/","url":"https:\/\/downlleida.com\/es\/som-persones-autentiques\/","name":"Som persones aut\u00e8ntiques - Down Lleida","isPartOf":{"@id":"https:\/\/downlleida.com\/#website"},"datePublished":"2018-06-18T08:51:24+00:00","dateModified":"2018-06-18T08:51:24+00:00","author":{"@id":"https:\/\/downlleida.com\/#\/schema\/person\/56bbfe35feca4cae2d5a6366c0e76f42"},"breadcrumb":{"@id":"https:\/\/downlleida.com\/es\/som-persones-autentiques\/#breadcrumb"},"inLanguage":"es","potentialAction":[{"@type":"ReadAction","target":["https:\/\/downlleida.com\/es\/som-persones-autentiques\/"]}]},{"@type":"BreadcrumbList","@id":"https:\/\/downlleida.com\/es\/som-persones-autentiques\/#breadcrumb","itemListElement":[{"@type":"ListItem","position":1,"name":"Portada","item":"https:\/\/downlleida.com\/es\/inicio\/"},{"@type":"ListItem","position":2,"name":"Som persones aut\u00e8ntiques"}]},{"@type":"WebSite","@id":"https:\/\/downlleida.com\/#website","url":"https:\/\/downlleida.com\/","name":"Down Lleida","description":"Associaci\u00f3 Lleidatana per a la S\u00edndrome de Down","potentialAction":[{"@type":"SearchAction","target":{"@type":"EntryPoint","urlTemplate":"https:\/\/downlleida.com\/?s={search_term_string}"},"query-input":"required name=search_term_string"}],"inLanguage":"es"},{"@type":"Person","@id":"https:\/\/downlleida.com\/#\/schema\/person\/56bbfe35feca4cae2d5a6366c0e76f42","name":"admin","image":{"@type":"ImageObject","inLanguage":"es","@id":"https:\/\/downlleida.com\/#\/schema\/person\/image\/","url":"https:\/\/secure.gravatar.com\/avatar\/3d8771e958295f415804336505f0c6faebfe16c066754f8f90e0b5a1023ffc77?s=96&d=mm&r=g","contentUrl":"https:\/\/secure.gravatar.com\/avatar\/3d8771e958295f415804336505f0c6faebfe16c066754f8f90e0b5a1023ffc77?s=96&d=mm&r=g","caption":"admin"},"sameAs":["https:\/\/downlleida.com"],"url":"https:\/\/downlleida.com\/es\/author\/down_5gorj32b\/"}]}},"_links":{"self":[{"href":"https:\/\/downlleida.com\/es\/wp-json\/wp\/v2\/posts\/3951","targetHints":{"allow":["GET"]}}],"collection":[{"href":"https:\/\/downlleida.com\/es\/wp-json\/wp\/v2\/posts"}],"about":[{"href":"https:\/\/downlleida.com\/es\/wp-json\/wp\/v2\/types\/post"}],"author":[{"embeddable":true,"href":"https:\/\/downlleida.com\/es\/wp-json\/wp\/v2\/users\/1"}],"replies":[{"embeddable":true,"href":"https:\/\/downlleida.com\/es\/wp-json\/wp\/v2\/comments?post=3951"}],"version-history":[{"count":0,"href":"https:\/\/downlleida.com\/es\/wp-json\/wp\/v2\/posts\/3951\/revisions"}],"wp:featuredmedia":[{"embeddable":true,"href":"https:\/\/downlleida.com\/es\/wp-json\/wp\/v2\/media\/3952"}],"wp:attachment":[{"href":"https:\/\/downlleida.com\/es\/wp-json\/wp\/v2\/media?parent=3951"}],"wp:term":[{"taxonomy":"category","embeddable":true,"href":"https:\/\/downlleida.com\/es\/wp-json\/wp\/v2\/categories?post=3951"},{"taxonomy":"post_tag","embeddable":true,"href":"https:\/\/downlleida.com\/es\/wp-json\/wp\/v2\/tags?post=3951"}],"curies":[{"name":"wp","href":"https:\/\/api.w.org\/{rel}","templated":true}]}}